{"id":23012,"date":"2023-09-03T14:48:34","date_gmt":"2023-09-03T20:48:34","guid":{"rendered":"https:\/\/enconecte.com\/?p=23012"},"modified":"2023-09-03T14:48:34","modified_gmt":"2023-09-03T20:48:34","slug":"homenaje-al-creador-de-la-arracada-jerezana-ventura-garcia-en-su-67-aniversario-luctuoso","status":"publish","type":"post","link":"https:\/\/raicesjerezanas.com\/?p=23012","title":{"rendered":"HOMENAJE AL CREADOR DE LA ARRACADA JEREZANA VENTURA GARC\u00cdA EN SU 67 ANIVERSARIO LUCTUOSO"},"content":{"rendered":"<p>Las autoridades municipales y los familiares del jerezano Ventura Garc\u00eda Lozano se reunieron para recordar al creador de la arracada Jerezana. Depositando una ofrenda floral ante el busto erigido en su memoria en el jard\u00edn del Fraccionamiento Candelario Hu\u00edzar, este evento conmemor\u00f3 el 67 aniversario de su fallecimiento.<\/p>\n<p>En representaci\u00f3n del alcalde Jos\u00e9 Humberto Salazar Contreras, el director del Instituto Jerezano de Cultura (IJC), V\u00edctor Hugo Hu\u00edzar Iturriaga, junto con los nietos del homenajeado, Beatriz, Javier y H\u00e9ctor Garc\u00eda L\u00f3pez, recordaron al ilustre orfebre que dio vida a la emblem\u00e1tica pieza que con el tiempo se convirti\u00f3 en un producto distintivo de esta tierra.<\/p>\n<p>Hu\u00edzar Iturriaga destac\u00f3 que con su legado, Ventura Garc\u00eda marc\u00f3 una tradici\u00f3n cultural que enriquece nuestra identidad como pueblo m\u00e1gico y sembr\u00f3 la semilla del arte con su talento, al crear la joya jerezana por excelencia. Adem\u00e1s, fue un destacado m\u00fasico que dirigi\u00f3 la banda tradicional de Jerez.<\/p>\n<p>Luego de que Julieta Rodr\u00edguez Ju\u00e1rez presentara la rese\u00f1a hist\u00f3rica del pilar de una dinast\u00eda en la joyer\u00eda, en nombre de la familia, Javier Garc\u00eda L\u00f3pez agradeci\u00f3 a las autoridades municipales por recordar, cada a\u00f1o en el mes de agosto, a su abuelo. Dijo que Ventura Garc\u00eda, con su creatividad, les hered\u00f3 una forma de vivir a trav\u00e9s de la artesan\u00eda\u00a0que\u00a0cre\u00f3.<\/p>\n<p><a href=\"https:\/\/raicesjerezanas.com\/wp-content\/uploads\/2023\/09\/Imagen-de-WhatsApp-2023-09-03-a-lasc-15.12.31.jpg\"><img loading=\"lazy\" decoding=\"async\" class=\"alignnone size-full wp-image-23013\" src=\"https:\/\/raicesjerezanas.com\/wp-content\/uploads\/2023\/09\/Imagen-de-WhatsApp-2023-09-03-a-lasc-15.12.31.jpg\" alt=\"\" width=\"1600\" height=\"1200\" srcset=\"https:\/\/raicesjerezanas.com\/wp-content\/uploads\/2023\/09\/Imagen-de-WhatsApp-2023-09-03-a-lasc-15.12.31.jpg 1600w, https:\/\/raicesjerezanas.com\/wp-content\/uploads\/2023\/09\/Imagen-de-WhatsApp-2023-09-03-a-lasc-15.12.31-300x225.jpg 300w, https:\/\/raicesjerezanas.com\/wp-content\/uploads\/2023\/09\/Imagen-de-WhatsApp-2023-09-03-a-lasc-15.12.31-1024x768.jpg 1024w, https:\/\/raicesjerezanas.com\/wp-content\/uploads\/2023\/09\/Imagen-de-WhatsApp-2023-09-03-a-lasc-15.12.31-768x576.jpg 768w, https:\/\/raicesjerezanas.com\/wp-content\/uploads\/2023\/09\/Imagen-de-WhatsApp-2023-09-03-a-lasc-15.12.31-1536x1152.jpg 1536w, https:\/\/raicesjerezanas.com\/wp-content\/uploads\/2023\/09\/Imagen-de-WhatsApp-2023-09-03-a-lasc-15.12.31-678x509.jpg 678w, https:\/\/raicesjerezanas.com\/wp-content\/uploads\/2023\/09\/Imagen-de-WhatsApp-2023-09-03-a-lasc-15.12.31-326x245.jpg 326w, https:\/\/raicesjerezanas.com\/wp-content\/uploads\/2023\/09\/Imagen-de-WhatsApp-2023-09-03-a-lasc-15.12.31-80x60.jpg 80w\" sizes=\"auto, (max-width: 1600px) 100vw, 1600px\" \/><\/a><\/p>\n","protected":false},"excerpt":{"rendered":"<div class=\"mh-excerpt\"><p>Las autoridades municipales y los familiares del jerezano Ventura Garc\u00eda Lozano se reunieron para recordar al creador de la arracada Jerezana. Depositando una ofrenda floral <a class=\"mh-excerpt-more\" href=\"https:\/\/raicesjerezanas.com\/?p=23012\" title=\"HOMENAJE AL CREADOR DE LA ARRACADA JEREZANA VENTURA GARC\u00cdA EN SU 67 ANIVERSARIO LUCTUOSO\">&#8230;<\/a><\/p>\n<\/div>","protected":false},"author":1,"featured_media":23014,"comment_status":"closed","ping_status":"closed","sticky":false,"template":"","format":"standard","meta":{"footnotes":""},"categories":[108,102],"tags":[],"class_list":["post-23012","post","type-post","status-publish","format-standard","has-post-thumbnail","hentry","category-exp","category-noticias-de-jerez"],"_links":{"self":[{"href":"https:\/\/raicesjerezanas.com\/index.php?rest_route=\/wp\/v2\/posts\/23012","targetHints":{"allow":["GET"]}}],"collection":[{"href":"https:\/\/raicesjerezanas.com\/index.php?rest_route=\/wp\/v2\/posts"}],"about":[{"href":"https:\/\/raicesjerezanas.com\/index.php?rest_route=\/wp\/v2\/types\/post"}],"author":[{"embeddable":true,"href":"https:\/\/raicesjerezanas.com\/index.php?rest_route=\/wp\/v2\/users\/1"}],"replies":[{"embeddable":true,"href":"https:\/\/raicesjerezanas.com\/index.php?rest_route=%2Fwp%2Fv2%2Fcomments&post=23012"}],"version-history":[{"count":0,"href":"https:\/\/raicesjerezanas.com\/index.php?rest_route=\/wp\/v2\/posts\/23012\/revisions"}],"wp:featuredmedia":[{"embeddable":true,"href":"https:\/\/raicesjerezanas.com\/index.php?rest_route=\/wp\/v2\/media\/23014"}],"wp:attachment":[{"href":"https:\/\/raicesjerezanas.com\/index.php?rest_route=%2Fwp%2Fv2%2Fmedia&parent=23012"}],"wp:term":[{"taxonomy":"category","embeddable":true,"href":"https:\/\/raicesjerezanas.com\/index.php?rest_route=%2Fwp%2Fv2%2Fcategories&post=23012"},{"taxonomy":"post_tag","embeddable":true,"href":"https:\/\/raicesjerezanas.com\/index.php?rest_route=%2Fwp%2Fv2%2Ftags&post=23012"}],"curies":[{"name":"wp","href":"https:\/\/api.w.org\/{rel}","templated":true}]}}