{"id":23015,"date":"2023-09-04T14:52:49","date_gmt":"2023-09-04T20:52:49","guid":{"rendered":"https:\/\/enconecte.com\/?p=23015"},"modified":"2023-09-04T14:52:49","modified_gmt":"2023-09-04T20:52:49","slug":"hoy-monte-de-los-garcia-nuevamente-cuenta-con-agua-potable","status":"publish","type":"post","link":"https:\/\/raicesjerezanas.com\/?p=23015","title":{"rendered":"HOY MONTE DE LOS GARC\u00cdA NUEVAMENTE CUENTA CON AGUA POTABLE"},"content":{"rendered":"<p>Como parte de los compromisos de la actual administraci\u00f3n municipal desde su inicio, se ha centrado en mejorar los servicios b\u00e1sicos en la cabecera municipal de Jerez y sus comunidades. Es por ello que, atendiendo a la petici\u00f3n de los habitantes de la comunidad Monte de los Garc\u00eda, el gobierno municipal 2021-2024, a trav\u00e9s del departamento de Atenci\u00f3n Ciudadana y Gesti\u00f3n Social, llev\u00f3 a cabo la inversi\u00f3n necesaria para cambiar la bomba sumergible del pozo de agua, y hoy en d\u00eda, los residentes cuentan con este recurso vital.<\/p>\n<p>Los pobladores de la comunidad expresaron sus necesidades debido a la escasez de este valioso recurso, que se deb\u00eda a la falla de la bomba sumergible en el pozo que abastece a la comunidad. Esta problem\u00e1tica llevaba sin resolverse alrededor de cuatro a\u00f1os, lo que oblig\u00f3 a los habitantes a buscar soluciones temporales para obtener agua, incluso algunos de ellos tuvieron que llevarla desde otros lugares.<\/p>\n<p>En relaci\u00f3n a esto, la titular del departamento de Atenci\u00f3n Ciudadana y Gesti\u00f3n Social, Ma. Del Consuelo Trujillo Moreno, explic\u00f3 que adem\u00e1s de invertir m\u00e1s de $18,000.00 en la compra de la bomba sumergible, se llev\u00f3 a cabo la instalaci\u00f3n del equipo. La mano de obra fue realizada por el personal del Sistema Municipal de Alcantarillado y Agua Potable de Jerez (SIMAPAJ), quienes instalaron el equipo y las piezas necesarias. Este es un compromiso que el presidente municipal hab\u00eda adquirido con esta comunidad, y gracias a ello, hoy pueden disfrutar de agua potable apta para el\u00a0consumo\u00a0humano.<\/p>\n","protected":false},"excerpt":{"rendered":"<div class=\"mh-excerpt\"><p>Como parte de los compromisos de la actual administraci\u00f3n municipal desde su inicio, se ha centrado en mejorar los servicios b\u00e1sicos en la cabecera municipal <a class=\"mh-excerpt-more\" href=\"https:\/\/raicesjerezanas.com\/?p=23015\" title=\"HOY MONTE DE LOS GARC\u00cdA NUEVAMENTE CUENTA CON AGUA POTABLE\">&#8230;<\/a><\/p>\n<\/div>","protected":false},"author":1,"featured_media":23016,"comment_status":"closed","ping_status":"closed","sticky":false,"template":"","format":"standard","meta":{"footnotes":""},"categories":[108,102],"tags":[],"class_list":["post-23015","post","type-post","status-publish","format-standard","has-post-thumbnail","hentry","category-exp","category-noticias-de-jerez"],"_links":{"self":[{"href":"https:\/\/raicesjerezanas.com\/index.php?rest_route=\/wp\/v2\/posts\/23015","targetHints":{"allow":["GET"]}}],"collection":[{"href":"https:\/\/raicesjerezanas.com\/index.php?rest_route=\/wp\/v2\/posts"}],"about":[{"href":"https:\/\/raicesjerezanas.com\/index.php?rest_route=\/wp\/v2\/types\/post"}],"author":[{"embeddable":true,"href":"https:\/\/raicesjerezanas.com\/index.php?rest_route=\/wp\/v2\/users\/1"}],"replies":[{"embeddable":true,"href":"https:\/\/raicesjerezanas.com\/index.php?rest_route=%2Fwp%2Fv2%2Fcomments&post=23015"}],"version-history":[{"count":0,"href":"https:\/\/raicesjerezanas.com\/index.php?rest_route=\/wp\/v2\/posts\/23015\/revisions"}],"wp:featuredmedia":[{"embeddable":true,"href":"https:\/\/raicesjerezanas.com\/index.php?rest_route=\/wp\/v2\/media\/23016"}],"wp:attachment":[{"href":"https:\/\/raicesjerezanas.com\/index.php?rest_route=%2Fwp%2Fv2%2Fmedia&parent=23015"}],"wp:term":[{"taxonomy":"category","embeddable":true,"href":"https:\/\/raicesjerezanas.com\/index.php?rest_route=%2Fwp%2Fv2%2Fcategories&post=23015"},{"taxonomy":"post_tag","embeddable":true,"href":"https:\/\/raicesjerezanas.com\/index.php?rest_route=%2Fwp%2Fv2%2Ftags&post=23015"}],"curies":[{"name":"wp","href":"https:\/\/api.w.org\/{rel}","templated":true}]}}