{"id":23017,"date":"2023-09-05T14:53:22","date_gmt":"2023-09-05T20:53:22","guid":{"rendered":"https:\/\/enconecte.com\/?p=23017"},"modified":"2023-09-05T14:53:22","modified_gmt":"2023-09-05T20:53:22","slug":"realizan-llantaton-2023-en-jerez","status":"publish","type":"post","link":"https:\/\/raicesjerezanas.com\/?p=23017","title":{"rendered":"REALIZAN LLANTAT\u00d3N 2023 EN JEREZ"},"content":{"rendered":"<p>En el antiguo parque vehicular, ubicado en el camino hacia la comunidad de Ci\u00e9nega, se llev\u00f3 a cabo una recolecci\u00f3n previa de llantas en desuso con el prop\u00f3sito de recopilar estos residuos s\u00f3lidos. Se debe brindar un manejo especial a estos desechos y, al mismo tiempo, crear conciencia sobre la necesidad de desecharlos adecuadamente. En este contexto, el gobierno municipal 2021-2024, a trav\u00e9s de la Direcci\u00f3n de Obras y Servicios P\u00fablicos, espec\u00edficamente el Departamento de Medio Ambiente y Desarrollo Sustentable, organiz\u00f3 el evento denominado \u00abLlantat\u00f3n\u00bb esta ma\u00f1ana.<\/p>\n<p>Para dar inicio al evento, el Bi\u00f3logo Sergio \u00c1vila, jefe del \u00e1rea de Medio Ambiente y Desarrollo Sustentable, explic\u00f3 que un neum\u00e1tico puede tardar hasta mil a\u00f1os en degradarse. Adem\u00e1s, destac\u00f3 que este tipo de residuo no debe llegar al vertedero municipal ni ser utilizado en las ladrilleras para los hornos, ya que representan un peligro para la salud.<\/p>\n<p>Posteriormente, el Dr. Jos\u00e9 Humberto Salazar Contreras, alcalde de Jerez, reconoci\u00f3 la grave situaci\u00f3n a nivel mundial causada por la contaminaci\u00f3n. Asimismo, enfatiz\u00f3 que este evento tiene como objetivo dar un uso final adecuado a estas llantas, contribuyendo as\u00ed a la protecci\u00f3n del medio ambiente y evitando que las llantas se conviertan en un foco de infecci\u00f3n durante la temporada de lluvias debido al agua estancada. Invit\u00f3 a la poblaci\u00f3n a tomar conciencia sobre este tema.<\/p>\n<p><a href=\"https:\/\/raicesjerezanas.com\/wp-content\/uploads\/2023\/09\/Imagen-de-WhatsApp-2023-09-05-a-las-11.51.56.jpg\"><img loading=\"lazy\" decoding=\"async\" class=\"alignnone size-full wp-image-23018\" src=\"https:\/\/raicesjerezanas.com\/wp-content\/uploads\/2023\/09\/Imagen-de-WhatsApp-2023-09-05-a-las-11.51.56.jpg\" alt=\"\" width=\"1599\" height=\"1066\" srcset=\"https:\/\/raicesjerezanas.com\/wp-content\/uploads\/2023\/09\/Imagen-de-WhatsApp-2023-09-05-a-las-11.51.56.jpg 1599w, https:\/\/raicesjerezanas.com\/wp-content\/uploads\/2023\/09\/Imagen-de-WhatsApp-2023-09-05-a-las-11.51.56-300x200.jpg 300w, https:\/\/raicesjerezanas.com\/wp-content\/uploads\/2023\/09\/Imagen-de-WhatsApp-2023-09-05-a-las-11.51.56-1024x683.jpg 1024w, https:\/\/raicesjerezanas.com\/wp-content\/uploads\/2023\/09\/Imagen-de-WhatsApp-2023-09-05-a-las-11.51.56-768x512.jpg 768w, https:\/\/raicesjerezanas.com\/wp-content\/uploads\/2023\/09\/Imagen-de-WhatsApp-2023-09-05-a-las-11.51.56-1536x1024.jpg 1536w\" sizes=\"auto, (max-width: 1599px) 100vw, 1599px\" \/><\/a><\/p>\n<p>Durante la ceremonia de inauguraci\u00f3n, estuvieron presentes el Arq. Alfredo Mar\u00edn Luna, director de Obras y Servicios P\u00fablicos, as\u00ed como los representantes de la empresa \u00abLlantas y Productos MyM\u00bb, Miguel Alejandro Arellano y Miguel \u00c1ngel Berm\u00fadez. Este \u00abLlantat\u00f3n\u00bb se llev\u00f3 a cabo exclusivamente este martes, y se buscar\u00e1 un lugar adecuado para almacenar estos residuos de manera prolongada\u00a0y\u00a0permanente.<\/p>\n","protected":false},"excerpt":{"rendered":"<div class=\"mh-excerpt\"><p>En el antiguo parque vehicular, ubicado en el camino hacia la comunidad de Ci\u00e9nega, se llev\u00f3 a cabo una recolecci\u00f3n previa de llantas en desuso <a class=\"mh-excerpt-more\" href=\"https:\/\/raicesjerezanas.com\/?p=23017\" title=\"REALIZAN LLANTAT\u00d3N 2023 EN JEREZ\">&#8230;<\/a><\/p>\n<\/div>","protected":false},"author":1,"featured_media":23019,"comment_status":"closed","ping_status":"closed","sticky":false,"template":"","format":"standard","meta":{"footnotes":""},"categories":[108,102],"tags":[],"class_list":["post-23017","post","type-post","status-publish","format-standard","has-post-thumbnail","hentry","category-exp","category-noticias-de-jerez"],"_links":{"self":[{"href":"https:\/\/raicesjerezanas.com\/index.php?rest_route=\/wp\/v2\/posts\/23017","targetHints":{"allow":["GET"]}}],"collection":[{"href":"https:\/\/raicesjerezanas.com\/index.php?rest_route=\/wp\/v2\/posts"}],"about":[{"href":"https:\/\/raicesjerezanas.com\/index.php?rest_route=\/wp\/v2\/types\/post"}],"author":[{"embeddable":true,"href":"https:\/\/raicesjerezanas.com\/index.php?rest_route=\/wp\/v2\/users\/1"}],"replies":[{"embeddable":true,"href":"https:\/\/raicesjerezanas.com\/index.php?rest_route=%2Fwp%2Fv2%2Fcomments&post=23017"}],"version-history":[{"count":0,"href":"https:\/\/raicesjerezanas.com\/index.php?rest_route=\/wp\/v2\/posts\/23017\/revisions"}],"wp:featuredmedia":[{"embeddable":true,"href":"https:\/\/raicesjerezanas.com\/index.php?rest_route=\/wp\/v2\/media\/23019"}],"wp:attachment":[{"href":"https:\/\/raicesjerezanas.com\/index.php?rest_route=%2Fwp%2Fv2%2Fmedia&parent=23017"}],"wp:term":[{"taxonomy":"category","embeddable":true,"href":"https:\/\/raicesjerezanas.com\/index.php?rest_route=%2Fwp%2Fv2%2Fcategories&post=23017"},{"taxonomy":"post_tag","embeddable":true,"href":"https:\/\/raicesjerezanas.com\/index.php?rest_route=%2Fwp%2Fv2%2Ftags&post=23017"}],"curies":[{"name":"wp","href":"https:\/\/api.w.org\/{rel}","templated":true}]}}