{"id":23020,"date":"2023-09-05T14:53:58","date_gmt":"2023-09-05T20:53:58","guid":{"rendered":"https:\/\/enconecte.com\/?p=23020"},"modified":"2023-09-05T14:53:58","modified_gmt":"2023-09-05T20:53:58","slug":"entrego-el-alcalde-salazar-calentadores-solares-tinacos-y-cemento-a-familias-jerezanas","status":"publish","type":"post","link":"https:\/\/raicesjerezanas.com\/?p=23020","title":{"rendered":"ENTREG\u00d3 EL ALCALDE SALAZAR CALENTADORES SOLARES, TINACOS Y CEMENTO A FAMILIAS JEREZANAS"},"content":{"rendered":"<p>El alcalde Jos\u00e9 Humberto Salazar Contreras encabez\u00f3 el evento de entrega de calentadores solares, tinacos y paquetes de cemento que contribuir\u00e1n a mejorar la calidad de vida de las familias beneficiadas, por parte del gobierno municipal, con recursos provenientes del Fondo de Aportaciones para la Infraestructura Social.<\/p>\n<p>El acto tuvo lugar en la explanada del auditorio municipal, donde el alcalde estuvo acompa\u00f1ado por el director de Desarrollo Econ\u00f3mico y Social, David Josafat de la Torre Pinedo; el director de Obras y Servicios P\u00fablicos, Alfredo Mar\u00edn Luna; el director del Sistema Municipal de Agua Potable y Alcantarillado de Jerez (SIMAPAJ), Marco Antonio Valenzuela Esquivel, as\u00ed como Mar\u00eda del Consuelo Trujillo Moreno, coordinadora de Atenci\u00f3n Ciudadana; Jaime Mart\u00ednez Sald\u00edvar, subdirector de Servicios P\u00fablicos; y Liliana Rojas Guevara, en representaci\u00f3n de los beneficiarios.<\/p>\n<p>En forma global, el paquete consta de 25 toneladas de cemento que se repartieron en dotaciones de cinco bultos para cada beneficiario, as\u00ed como 50 tinacos y 125 calentadores solares. Estos \u00faltimos se llevar\u00e1n a los domicilios de las familias y posteriormente se programar\u00e1n visitas para realizar la colocaci\u00f3n de manera eficiente, a fin de que puedan disponer del servicio de manera adecuada.<\/p>\n<p>Durante el evento, el doctor Salazar precis\u00f3 que su gobierno continuar\u00e1 trabajando y poniendo lo mejor de su parte para que, durante el a\u00f1o que resta de su administraci\u00f3n, contin\u00fae la gesti\u00f3n de este tipo de apoyos que contribuyen a solventar las necesidades de las viviendas. Igualmente, anunci\u00f3 que seguir\u00e1n abiertas las ventanillas para elaborar un padr\u00f3n de las personas que m\u00e1s necesitan este tipo de beneficios.<\/p>\n<p><a href=\"https:\/\/raicesjerezanas.com\/wp-content\/uploads\/2023\/09\/Imagen-de-WhatsApp-2023-09-05-a-las-13.21.57.jpg\"><img loading=\"lazy\" decoding=\"async\" class=\"alignnone size-full wp-image-23022\" src=\"https:\/\/raicesjerezanas.com\/wp-content\/uploads\/2023\/09\/Imagen-de-WhatsApp-2023-09-05-a-las-13.21.57.jpg\" alt=\"\" width=\"1600\" height=\"1066\" srcset=\"https:\/\/raicesjerezanas.com\/wp-content\/uploads\/2023\/09\/Imagen-de-WhatsApp-2023-09-05-a-las-13.21.57.jpg 1600w, https:\/\/raicesjerezanas.com\/wp-content\/uploads\/2023\/09\/Imagen-de-WhatsApp-2023-09-05-a-las-13.21.57-300x200.jpg 300w, https:\/\/raicesjerezanas.com\/wp-content\/uploads\/2023\/09\/Imagen-de-WhatsApp-2023-09-05-a-las-13.21.57-1024x682.jpg 1024w, https:\/\/raicesjerezanas.com\/wp-content\/uploads\/2023\/09\/Imagen-de-WhatsApp-2023-09-05-a-las-13.21.57-768x512.jpg 768w, https:\/\/raicesjerezanas.com\/wp-content\/uploads\/2023\/09\/Imagen-de-WhatsApp-2023-09-05-a-las-13.21.57-1536x1023.jpg 1536w\" sizes=\"auto, (max-width: 1600px) 100vw, 1600px\" \/><\/a><\/p>\n<p>Afirm\u00f3 que este acto representa un compromiso personal que se plante\u00f3 desde que lleg\u00f3 a la administraci\u00f3n municipal y dijo que siempre ha tenido en mente ayudar, sobre todo, a la gente m\u00e1s humilde. Por eso, ha recorrido las colonias y comunidades para atender las peticiones. El presidente valor\u00f3 el desempe\u00f1o de su equipo de trabajo, un grupo joven en el que, dijo, se nota la energ\u00eda de querer ayudar, sobre todo, a la gente m\u00e1s humilde. \u00abPara eso estamos aqu\u00ed y lo continuaremos haciendo durante el tiempo que nos resta de gesti\u00f3n\u00bb,\u00a0concluy\u00f3.<\/p>\n","protected":false},"excerpt":{"rendered":"<div class=\"mh-excerpt\"><p>El alcalde Jos\u00e9 Humberto Salazar Contreras encabez\u00f3 el evento de entrega de calentadores solares, tinacos y paquetes de cemento que contribuir\u00e1n a mejorar la calidad <a class=\"mh-excerpt-more\" href=\"https:\/\/raicesjerezanas.com\/?p=23020\" title=\"ENTREG\u00d3 EL ALCALDE SALAZAR CALENTADORES SOLARES, TINACOS Y CEMENTO A FAMILIAS JEREZANAS\">&#8230;<\/a><\/p>\n<\/div>","protected":false},"author":1,"featured_media":23021,"comment_status":"closed","ping_status":"closed","sticky":false,"template":"","format":"standard","meta":{"footnotes":""},"categories":[108,102],"tags":[],"class_list":["post-23020","post","type-post","status-publish","format-standard","has-post-thumbnail","hentry","category-exp","category-noticias-de-jerez"],"_links":{"self":[{"href":"https:\/\/raicesjerezanas.com\/index.php?rest_route=\/wp\/v2\/posts\/23020","targetHints":{"allow":["GET"]}}],"collection":[{"href":"https:\/\/raicesjerezanas.com\/index.php?rest_route=\/wp\/v2\/posts"}],"about":[{"href":"https:\/\/raicesjerezanas.com\/index.php?rest_route=\/wp\/v2\/types\/post"}],"author":[{"embeddable":true,"href":"https:\/\/raicesjerezanas.com\/index.php?rest_route=\/wp\/v2\/users\/1"}],"replies":[{"embeddable":true,"href":"https:\/\/raicesjerezanas.com\/index.php?rest_route=%2Fwp%2Fv2%2Fcomments&post=23020"}],"version-history":[{"count":0,"href":"https:\/\/raicesjerezanas.com\/index.php?rest_route=\/wp\/v2\/posts\/23020\/revisions"}],"wp:featuredmedia":[{"embeddable":true,"href":"https:\/\/raicesjerezanas.com\/index.php?rest_route=\/wp\/v2\/media\/23021"}],"wp:attachment":[{"href":"https:\/\/raicesjerezanas.com\/index.php?rest_route=%2Fwp%2Fv2%2Fmedia&parent=23020"}],"wp:term":[{"taxonomy":"category","embeddable":true,"href":"https:\/\/raicesjerezanas.com\/index.php?rest_route=%2Fwp%2Fv2%2Fcategories&post=23020"},{"taxonomy":"post_tag","embeddable":true,"href":"https:\/\/raicesjerezanas.com\/index.php?rest_route=%2Fwp%2Fv2%2Ftags&post=23020"}],"curies":[{"name":"wp","href":"https:\/\/api.w.org\/{rel}","templated":true}]}}