{"id":23023,"date":"2023-09-06T14:54:57","date_gmt":"2023-09-06T20:54:57","guid":{"rendered":"https:\/\/enconecte.com\/?p=23023"},"modified":"2023-09-06T14:54:57","modified_gmt":"2023-09-06T20:54:57","slug":"entrega-de-la-pavimentacion-de-la-calle-teotihuacan-en-jerez-que-beneficia-directamente-a-mas-de-800-jerezanos","status":"publish","type":"post","link":"https:\/\/raicesjerezanas.com\/?p=23023","title":{"rendered":"ENTREGA DE LA PAVIMENTACI\u00d3N DE LA CALLE TEOTIHUACAN EN JEREZ, QUE BENEFICIA DIRECTAMENTE A M\u00c1S DE 800 JEREZANOS"},"content":{"rendered":"<p>A finales del mes de julio de este a\u00f1o, se llevaron a cabo los trabajos de inauguraci\u00f3n en la calle Teotihuacan, del fraccionamiento Caxc\u00e1n, con el prop\u00f3sito de pavimentar esta v\u00eda, la cual beneficia directamente a m\u00e1s de 800 jerezanos, as\u00ed como a aquellos que transitan con frecuencia por esta calle debido a su proximidad a la unidad deportiva, la UAZ, la casa del jubilado y diversas instituciones educativas ubicadas en esta zona de la ciudad. La pavimentaci\u00f3n fue realizada por la administraci\u00f3n municipal 2021-2024 y estuvo bajo la supervisi\u00f3n y ejecuci\u00f3n de la Direcci\u00f3n de Obras y Servicios P\u00fablicos municipales.<\/p>\n<p>Al inicio de la ceremonia, el Arq. Alfredo Mar\u00edn Luna, director de Obras P\u00fablicas y Servicios P\u00fablicos, explic\u00f3 la magnitud de la obra, la cual incluy\u00f3 la rehabilitaci\u00f3n de la red hidr\u00e1ulica, la instalaci\u00f3n de 48 metros de tuber\u00eda de PVC para el alcantarillado, la colocaci\u00f3n de 3 descargas domiciliarias y 3 tomas de agua, as\u00ed como la demolici\u00f3n de 187 metros cuadrados de piso de concreto existente, la construcci\u00f3n de 162 metros de guarnici\u00f3n de concreto, 178 metros cuadrados de banqueta de concreto y 924 metros cuadrados de piso de concreto hidr\u00e1ulico.<\/p>\n<p>Por su parte, el Lic. Mario Nicol\u00e1s Gonz\u00e1lez, en calidad de beneficiario, explic\u00f3 que esta gesti\u00f3n llevaba m\u00e1s de 12 a\u00f1os sin ser atendida, y destac\u00f3 que esta obra no solo beneficia a los residentes del fraccionamiento, sino tambi\u00e9n a quienes transitan por la zona. Calific\u00f3 la obra como de alta calidad y expres\u00f3 su agradecimiento al gobierno municipal actual.<\/p>\n<p><a href=\"https:\/\/raicesjerezanas.com\/wp-content\/uploads\/2023\/09\/Imagen-de-WhatsApp-2023-09-06-a-las-18.13.40.jpg\"><img loading=\"lazy\" decoding=\"async\" class=\"alignnone size-full wp-image-23025\" src=\"https:\/\/raicesjerezanas.com\/wp-content\/uploads\/2023\/09\/Imagen-de-WhatsApp-2023-09-06-a-las-18.13.40.jpg\" alt=\"\" width=\"1600\" height=\"1066\" srcset=\"https:\/\/raicesjerezanas.com\/wp-content\/uploads\/2023\/09\/Imagen-de-WhatsApp-2023-09-06-a-las-18.13.40.jpg 1600w, https:\/\/raicesjerezanas.com\/wp-content\/uploads\/2023\/09\/Imagen-de-WhatsApp-2023-09-06-a-las-18.13.40-300x200.jpg 300w, https:\/\/raicesjerezanas.com\/wp-content\/uploads\/2023\/09\/Imagen-de-WhatsApp-2023-09-06-a-las-18.13.40-1024x682.jpg 1024w, https:\/\/raicesjerezanas.com\/wp-content\/uploads\/2023\/09\/Imagen-de-WhatsApp-2023-09-06-a-las-18.13.40-768x512.jpg 768w, https:\/\/raicesjerezanas.com\/wp-content\/uploads\/2023\/09\/Imagen-de-WhatsApp-2023-09-06-a-las-18.13.40-1536x1023.jpg 1536w\" sizes=\"auto, (max-width: 1600px) 100vw, 1600px\" \/><\/a><\/p>\n<p>Ante la presencia de las regidoras Lic. Elizabeth Murillo y Lic. Martha Alamillo, el Lic. David Yosafat de la Torre, director de Desarrollo Econ\u00f3mico, y el Ing. Gustavo Barajas, subdirector de Obras P\u00fablicas, el Dr. Jos\u00e9 Humberto Salazar, alcalde, resalt\u00f3 la importancia de esta obra debido a su impacto en el tr\u00e1nsito vehicular y reiter\u00f3 su compromiso con Jerez para continuar mejorando los servicios, muchos de los cuales hab\u00edan sido descuidados durante a\u00f1os. Al concluir sus palabras, las autoridades presentes procedieron al corte del list\u00f3n oficial, permitiendo que la calle ahora sea transitada con normalidad por veh\u00edculos\u00a0y\u00a0peatones.<\/p>\n","protected":false},"excerpt":{"rendered":"<div class=\"mh-excerpt\"><p>A finales del mes de julio de este a\u00f1o, se llevaron a cabo los trabajos de inauguraci\u00f3n en la calle Teotihuacan, del fraccionamiento Caxc\u00e1n, con <a class=\"mh-excerpt-more\" href=\"https:\/\/raicesjerezanas.com\/?p=23023\" title=\"ENTREGA DE LA PAVIMENTACI\u00d3N DE LA CALLE TEOTIHUACAN EN JEREZ, QUE BENEFICIA DIRECTAMENTE A M\u00c1S DE 800 JEREZANOS\">&#8230;<\/a><\/p>\n<\/div>","protected":false},"author":1,"featured_media":23024,"comment_status":"closed","ping_status":"closed","sticky":false,"template":"","format":"standard","meta":{"footnotes":""},"categories":[108,102],"tags":[],"class_list":["post-23023","post","type-post","status-publish","format-standard","has-post-thumbnail","hentry","category-exp","category-noticias-de-jerez"],"_links":{"self":[{"href":"https:\/\/raicesjerezanas.com\/index.php?rest_route=\/wp\/v2\/posts\/23023","targetHints":{"allow":["GET"]}}],"collection":[{"href":"https:\/\/raicesjerezanas.com\/index.php?rest_route=\/wp\/v2\/posts"}],"about":[{"href":"https:\/\/raicesjerezanas.com\/index.php?rest_route=\/wp\/v2\/types\/post"}],"author":[{"embeddable":true,"href":"https:\/\/raicesjerezanas.com\/index.php?rest_route=\/wp\/v2\/users\/1"}],"replies":[{"embeddable":true,"href":"https:\/\/raicesjerezanas.com\/index.php?rest_route=%2Fwp%2Fv2%2Fcomments&post=23023"}],"version-history":[{"count":0,"href":"https:\/\/raicesjerezanas.com\/index.php?rest_route=\/wp\/v2\/posts\/23023\/revisions"}],"wp:featuredmedia":[{"embeddable":true,"href":"https:\/\/raicesjerezanas.com\/index.php?rest_route=\/wp\/v2\/media\/23024"}],"wp:attachment":[{"href":"https:\/\/raicesjerezanas.com\/index.php?rest_route=%2Fwp%2Fv2%2Fmedia&parent=23023"}],"wp:term":[{"taxonomy":"category","embeddable":true,"href":"https:\/\/raicesjerezanas.com\/index.php?rest_route=%2Fwp%2Fv2%2Fcategories&post=23023"},{"taxonomy":"post_tag","embeddable":true,"href":"https:\/\/raicesjerezanas.com\/index.php?rest_route=%2Fwp%2Fv2%2Ftags&post=23023"}],"curies":[{"name":"wp","href":"https:\/\/api.w.org\/{rel}","templated":true}]}}