{"id":23029,"date":"2023-09-07T14:59:59","date_gmt":"2023-09-07T20:59:59","guid":{"rendered":"https:\/\/enconecte.com\/?p=23029"},"modified":"2023-09-07T14:59:59","modified_gmt":"2023-09-07T20:59:59","slug":"concluyo-la-segunda-etapa-de-remodelacion-en-las-oficinas-del-simapaj","status":"publish","type":"post","link":"https:\/\/raicesjerezanas.com\/?p=23029","title":{"rendered":"CONCLUY\u00d3 LA SEGUNDA ETAPA DE REMODELACI\u00d3N EN LAS OFICINAS DEL SIMAPAJ"},"content":{"rendered":"<p>El presidente municipal, Jos\u00e9 Humberto Salazar Contreras, encabez\u00f3 la inauguraci\u00f3n de las oficinas reci\u00e9n remodeladas del Sistema Municipal de Agua Potable y Alcantarillado de Jerez (SIMAPAJ) en su segunda etapa. Esta remodelaci\u00f3n tuvo una inversi\u00f3n de un mill\u00f3n 300 mil pesos, que se destinaron tanto a la obra civil como al equipamiento.<\/p>\n<p>Antes de llevar a cabo el corte del list\u00f3n inaugural, el alcalde destac\u00f3 que la remodelaci\u00f3n de las oficinas del SIMAPAJ es un compromiso fundamental de su administraci\u00f3n. Esta remodelaci\u00f3n es un ejemplo tangible del trabajo realizado mediante una adecuada administraci\u00f3n de los recursos, con el objetivo de proporcionar un servicio m\u00e1s eficiente a la poblaci\u00f3n. Adem\u00e1s, permitir\u00e1 a los trabajadores contar con un espacio m\u00e1s digno, equipado con tecnolog\u00eda de vanguardia y una operatividad mejorada.<\/p>\n<p>El presidente municipal tambi\u00e9n reconoci\u00f3 el esfuerzo del personal directivo y de las diversas \u00e1reas del SIMAPAJ, cuyo trabajo ha contribuido a que el organismo sea considerado un ejemplo a nivel estatal a lo largo de los a\u00f1os.<\/p>\n<p>Durante el evento, el director del organismo, Marco Antonio Valenzuela Esquivel, record\u00f3 que en una primera etapa se acondicionaron los espacios para ofrecer una atenci\u00f3n de calidad a la poblaci\u00f3n. En esta segunda etapa, se busca mejorar la operatividad, todo con el objetivo de brindar un servicio \u00f3ptimo. Valenzuela agradeci\u00f3 al Consejo Directivo por respaldar este proyecto.<\/p>\n<p><a href=\"https:\/\/raicesjerezanas.com\/wp-content\/uploads\/2023\/09\/Imagen-de-WhatsApp-2023-09-07-a-las-1d4.52.48.jpg\"><img loading=\"lazy\" decoding=\"async\" class=\"alignnone size-full wp-image-23031\" src=\"https:\/\/raicesjerezanas.com\/wp-content\/uploads\/2023\/09\/Imagen-de-WhatsApp-2023-09-07-a-las-1d4.52.48.jpg\" alt=\"\" width=\"1600\" height=\"1064\" srcset=\"https:\/\/raicesjerezanas.com\/wp-content\/uploads\/2023\/09\/Imagen-de-WhatsApp-2023-09-07-a-las-1d4.52.48.jpg 1600w, https:\/\/raicesjerezanas.com\/wp-content\/uploads\/2023\/09\/Imagen-de-WhatsApp-2023-09-07-a-las-1d4.52.48-300x200.jpg 300w, https:\/\/raicesjerezanas.com\/wp-content\/uploads\/2023\/09\/Imagen-de-WhatsApp-2023-09-07-a-las-1d4.52.48-1024x681.jpg 1024w, https:\/\/raicesjerezanas.com\/wp-content\/uploads\/2023\/09\/Imagen-de-WhatsApp-2023-09-07-a-las-1d4.52.48-768x511.jpg 768w, https:\/\/raicesjerezanas.com\/wp-content\/uploads\/2023\/09\/Imagen-de-WhatsApp-2023-09-07-a-las-1d4.52.48-1536x1021.jpg 1536w\" sizes=\"auto, (max-width: 1600px) 100vw, 1600px\" \/><\/a><\/p>\n<p>Asimismo, expres\u00f3 su gratitud por el apoyo de la Direcci\u00f3n de Obras y Servicios P\u00fablicos, y su director, Alfredo Mar\u00edn Luna, que ha estado involucrado en el proceso de cambio en las oficinas desde la primera etapa. Fue a trav\u00e9s de esta instancia que se desarroll\u00f3 el proyecto sin costo adicional y supervis\u00f3 la labor de la empresa encargada.<\/p>\n<p>En un momento emotivo del evento, se rindi\u00f3 homenaje a H\u00e9ctor Juan Herrera El\u00edas, quien se retira del servicio despu\u00e9s de 36 a\u00f1os. Durante este tiempo, desempe\u00f1\u00f3 un papel fundamental en la creaci\u00f3n del organismo operador, desde su trabajo en la Junta Intermunicipal de Agua Potable y Alcantarillado. Adem\u00e1s, ocup\u00f3 diversos cargos en la instituci\u00f3n, incluso la direcci\u00f3n.<\/p>\n<p><a href=\"https:\/\/raicesjerezanas.com\/wp-content\/uploads\/2023\/09\/Imagen-de-WhatsApp-2023-09-0d7-a-las-14.52.48.jpg\"><img loading=\"lazy\" decoding=\"async\" class=\"alignnone size-full wp-image-23032\" src=\"https:\/\/raicesjerezanas.com\/wp-content\/uploads\/2023\/09\/Imagen-de-WhatsApp-2023-09-0d7-a-las-14.52.48.jpg\" alt=\"\" width=\"1600\" height=\"1064\" srcset=\"https:\/\/raicesjerezanas.com\/wp-content\/uploads\/2023\/09\/Imagen-de-WhatsApp-2023-09-0d7-a-las-14.52.48.jpg 1600w, https:\/\/raicesjerezanas.com\/wp-content\/uploads\/2023\/09\/Imagen-de-WhatsApp-2023-09-0d7-a-las-14.52.48-300x200.jpg 300w, https:\/\/raicesjerezanas.com\/wp-content\/uploads\/2023\/09\/Imagen-de-WhatsApp-2023-09-0d7-a-las-14.52.48-1024x681.jpg 1024w, https:\/\/raicesjerezanas.com\/wp-content\/uploads\/2023\/09\/Imagen-de-WhatsApp-2023-09-0d7-a-las-14.52.48-768x511.jpg 768w, https:\/\/raicesjerezanas.com\/wp-content\/uploads\/2023\/09\/Imagen-de-WhatsApp-2023-09-0d7-a-las-14.52.48-1536x1021.jpg 1536w\" sizes=\"auto, (max-width: 1600px) 100vw, 1600px\" \/><\/a><\/p>\n<p>El evento cont\u00f3 con la participaci\u00f3n de la presidenta honor\u00edfica del Sistema DIF municipal, Bertha Alicia Garc\u00eda Duarte, los regidores Martha Alamillo Guzm\u00e1n y Carlos F\u00e9lix Carrillo, la consejera Mar\u00eda de la Luz Rodr\u00edguez P\u00e9rez, el director de Desarrollo Econ\u00f3mico y Social, David Josafat de la Torre Pinedo, el director de Seguridad P\u00fablica, Jos\u00e9 Alberto P\u00e9rez Rivera, as\u00ed como el personal del organismo en las \u00e1reas operativas, administrativas\u00a0y\u00a0comerciales.<\/p>\n","protected":false},"excerpt":{"rendered":"<div class=\"mh-excerpt\"><p>El presidente municipal, Jos\u00e9 Humberto Salazar Contreras, encabez\u00f3 la inauguraci\u00f3n de las oficinas reci\u00e9n remodeladas del Sistema Municipal de Agua Potable y Alcantarillado de Jerez <a class=\"mh-excerpt-more\" href=\"https:\/\/raicesjerezanas.com\/?p=23029\" title=\"CONCLUY\u00d3 LA SEGUNDA ETAPA DE REMODELACI\u00d3N EN LAS OFICINAS DEL SIMAPAJ\">&#8230;<\/a><\/p>\n<\/div>","protected":false},"author":1,"featured_media":23030,"comment_status":"closed","ping_status":"closed","sticky":false,"template":"","format":"standard","meta":{"footnotes":""},"categories":[108,102],"tags":[],"class_list":["post-23029","post","type-post","status-publish","format-standard","has-post-thumbnail","hentry","category-exp","category-noticias-de-jerez"],"_links":{"self":[{"href":"https:\/\/raicesjerezanas.com\/index.php?rest_route=\/wp\/v2\/posts\/23029","targetHints":{"allow":["GET"]}}],"collection":[{"href":"https:\/\/raicesjerezanas.com\/index.php?rest_route=\/wp\/v2\/posts"}],"about":[{"href":"https:\/\/raicesjerezanas.com\/index.php?rest_route=\/wp\/v2\/types\/post"}],"author":[{"embeddable":true,"href":"https:\/\/raicesjerezanas.com\/index.php?rest_route=\/wp\/v2\/users\/1"}],"replies":[{"embeddable":true,"href":"https:\/\/raicesjerezanas.com\/index.php?rest_route=%2Fwp%2Fv2%2Fcomments&post=23029"}],"version-history":[{"count":0,"href":"https:\/\/raicesjerezanas.com\/index.php?rest_route=\/wp\/v2\/posts\/23029\/revisions"}],"wp:featuredmedia":[{"embeddable":true,"href":"https:\/\/raicesjerezanas.com\/index.php?rest_route=\/wp\/v2\/media\/23030"}],"wp:attachment":[{"href":"https:\/\/raicesjerezanas.com\/index.php?rest_route=%2Fwp%2Fv2%2Fmedia&parent=23029"}],"wp:term":[{"taxonomy":"category","embeddable":true,"href":"https:\/\/raicesjerezanas.com\/index.php?rest_route=%2Fwp%2Fv2%2Fcategories&post=23029"},{"taxonomy":"post_tag","embeddable":true,"href":"https:\/\/raicesjerezanas.com\/index.php?rest_route=%2Fwp%2Fv2%2Ftags&post=23029"}],"curies":[{"name":"wp","href":"https:\/\/api.w.org\/{rel}","templated":true}]}}