{"id":23033,"date":"2023-09-07T15:01:31","date_gmt":"2023-09-07T21:01:31","guid":{"rendered":"https:\/\/enconecte.com\/?p=23033"},"modified":"2023-09-07T15:01:31","modified_gmt":"2023-09-07T21:01:31","slug":"para-beneficio-de-la-poblacion-y-sectores-vulnerables-alcalde-inaugura-laboratorio-clinico-en-el-dif-jerez","status":"publish","type":"post","link":"https:\/\/raicesjerezanas.com\/?p=23033","title":{"rendered":"PARA BENEFICIO DE LA POBLACI\u00d3N Y SECTORES VULNERABLES, ALCALDE INAUGURA LABORATORIO CL\u00cdNICO EN EL DIF JEREZ"},"content":{"rendered":"<p>El presidente municipal Jos\u00e9 Humberto Salazar Contreras, dio marcha al laboratorio cl\u00ednico DIF Somos Todos, proyecto innovador que ofrecer\u00e1 con respaldo de la empresa Tecno Lab, an\u00e1lisis con costos m\u00e1s accesibles para la poblaci\u00f3n y los sectores vulnerables.<\/p>\n<p>El alcalde se\u00f1al\u00f3 la gran importancia de efectuar esta acci\u00f3n que no s\u00f3lo contribuir\u00e1 a la salud de la poblaci\u00f3n, sino tambi\u00e9n a la construcci\u00f3n de una sociedad m\u00e1s equitativa y justa, pues garantizar\u00e1 una atenci\u00f3n m\u00e9dica m\u00e1s accesible para todos, en un entorno en el que los altos costos de los laboratorios privados han sido un obst\u00e1culo para que muchos jerezanos accedan a servicios sanitarios de calidad.<\/p>\n<p>El mandatario agreg\u00f3 que este proyecto era muy necesario para el municipio y el sector laboral al que \u00e9l pertenece, ya que como m\u00e9dico los an\u00e1lisis cl\u00ednicos representan un apoyo b\u00e1sico y eficaz a la hora de diagnosticar correctamente a los pacientes.<\/p>\n<p>As\u00ed pues se expres\u00f3 satisfecho por la uni\u00f3n de esfuerzos que lo hizo posible, reconociendo al DIF y a la empresa Tecno Lab a cargo de Alan Arellano Robles, su labor en beneficio de la poblaci\u00f3n, a la par que asegur\u00f3 que cuando se suman voluntades y el cari\u00f1o por Jerez, se logran grandes resultados.<\/p>\n<p><a href=\"https:\/\/raicesjerezanas.com\/wp-content\/uploads\/2023\/09\/Imagen-de-WhatsApp-2023-09-d07-a-las-15.12.07.jpg\"><img loading=\"lazy\" decoding=\"async\" class=\"alignnone size-full wp-image-23034\" src=\"https:\/\/raicesjerezanas.com\/wp-content\/uploads\/2023\/09\/Imagen-de-WhatsApp-2023-09-d07-a-las-15.12.07.jpg\" alt=\"\" width=\"1600\" height=\"1066\" srcset=\"https:\/\/raicesjerezanas.com\/wp-content\/uploads\/2023\/09\/Imagen-de-WhatsApp-2023-09-d07-a-las-15.12.07.jpg 1600w, https:\/\/raicesjerezanas.com\/wp-content\/uploads\/2023\/09\/Imagen-de-WhatsApp-2023-09-d07-a-las-15.12.07-300x200.jpg 300w, https:\/\/raicesjerezanas.com\/wp-content\/uploads\/2023\/09\/Imagen-de-WhatsApp-2023-09-d07-a-las-15.12.07-1024x682.jpg 1024w, https:\/\/raicesjerezanas.com\/wp-content\/uploads\/2023\/09\/Imagen-de-WhatsApp-2023-09-d07-a-las-15.12.07-768x512.jpg 768w, https:\/\/raicesjerezanas.com\/wp-content\/uploads\/2023\/09\/Imagen-de-WhatsApp-2023-09-d07-a-las-15.12.07-1536x1023.jpg 1536w\" sizes=\"auto, (max-width: 1600px) 100vw, 1600px\" \/><\/a><\/p>\n<p>La presidenta honor\u00edfica del DIF, Bertha Alicia Garc\u00eda Duarte, resalt\u00f3 que la salud y la cercan\u00eda son ejes del actual gobierno municipal, mismos por los cuales se ha buscado empatizar con las necesidades prioritarias de la ciudadan\u00eda, dando como resultado la gesti\u00f3n y creaci\u00f3n del laboratorio.<\/p>\n<p>Describi\u00f3 el hecho como un evento sin precedentes y de gran beneficio para la poblaci\u00f3n jerezana, en especial para la que se encuentra en condiciones de vulnerabilidad, ya que se les brindar\u00e1n servicios con precios m\u00e1s bajos que los comerciales.<\/p>\n<p>La directora del Sistema, Jessica Cuevas Cuevas, destac\u00f3 la uni\u00f3n de esfuerzos como otra caracter\u00edstica de esta administraci\u00f3n, por medio de la cual se han hecho realidad importantes metas a favor de Jerez, agradeciendo en ese sentido a quienes se han sumado al trabajo y causas del DIF.<\/p>\n<p>Los an\u00e1lisis que se podr\u00e1n obtener en este nuevo laboratorio, con horario de 8:00 de la ma\u00f1ana a 3:00 de la tarde, ser\u00e1n de Qu\u00edmica sangu\u00ednea de tres elementos como glucosa, urea, y creatina; tambi\u00e9n Qu\u00edmica sangu\u00ednea de seis elementos que incluye los anteriores m\u00e1s \u00e1cido \u00farico, colesterol, y triglic\u00e9ridos.<\/p>\n<p><a href=\"https:\/\/raicesjerezanas.com\/wp-content\/uploads\/2023\/09\/Imagen-de-WhatsApp-2023-09-07-a-las-15.12.08.jpg\"><img loading=\"lazy\" decoding=\"async\" class=\"alignnone size-full wp-image-23036\" src=\"https:\/\/raicesjerezanas.com\/wp-content\/uploads\/2023\/09\/Imagen-de-WhatsApp-2023-09-07-a-las-15.12.08.jpg\" alt=\"\" width=\"1600\" height=\"1066\" srcset=\"https:\/\/raicesjerezanas.com\/wp-content\/uploads\/2023\/09\/Imagen-de-WhatsApp-2023-09-07-a-las-15.12.08.jpg 1600w, https:\/\/raicesjerezanas.com\/wp-content\/uploads\/2023\/09\/Imagen-de-WhatsApp-2023-09-07-a-las-15.12.08-300x200.jpg 300w, https:\/\/raicesjerezanas.com\/wp-content\/uploads\/2023\/09\/Imagen-de-WhatsApp-2023-09-07-a-las-15.12.08-1024x682.jpg 1024w, https:\/\/raicesjerezanas.com\/wp-content\/uploads\/2023\/09\/Imagen-de-WhatsApp-2023-09-07-a-las-15.12.08-768x512.jpg 768w, https:\/\/raicesjerezanas.com\/wp-content\/uploads\/2023\/09\/Imagen-de-WhatsApp-2023-09-07-a-las-15.12.08-1536x1023.jpg 1536w\" sizes=\"auto, (max-width: 1600px) 100vw, 1600px\" \/><\/a><\/p>\n<p>De igual forma se ofrecer\u00e1n pruebas de P\u00e9rfil de L\u00edpidos, Grupo y Rh Sangu\u00edneo, Biometr\u00eda hem\u00e1tica, Examen general de orina, Coproparasitosc\u00f3pico, Reacciones febriles, VIH, VDRL, as\u00ed como pruebas de embarazo y prenupciales.<\/p>\n<p>En el evento inaugural tambi\u00e9n se cont\u00f3 con la presencia de la titular de Salud del DIF, Marcela Gonz\u00e1lez Valdez, los regidores Luis Mario Mart\u00ednez Aparicio, Martha Alamillo Guzm\u00e1n, y Carlos F\u00e9lix, adem\u00e1s del director de Turismo Municipal Francisco Serrano Miranda, y la coordinadora de Educaci\u00f3n Municipal, Mar\u00eda Esther\u00a0Ibarra\u00a0Guzm\u00e1n.<\/p>\n","protected":false},"excerpt":{"rendered":"<div class=\"mh-excerpt\"><p>El presidente municipal Jos\u00e9 Humberto Salazar Contreras, dio marcha al laboratorio cl\u00ednico DIF Somos Todos, proyecto innovador que ofrecer\u00e1 con respaldo de la empresa Tecno <a class=\"mh-excerpt-more\" href=\"https:\/\/raicesjerezanas.com\/?p=23033\" title=\"PARA BENEFICIO DE LA POBLACI\u00d3N Y SECTORES VULNERABLES, ALCALDE INAUGURA LABORATORIO CL\u00cdNICO EN EL DIF JEREZ\">&#8230;<\/a><\/p>\n<\/div>","protected":false},"author":1,"featured_media":23035,"comment_status":"closed","ping_status":"closed","sticky":false,"template":"","format":"standard","meta":{"footnotes":""},"categories":[108,102],"tags":[],"class_list":["post-23033","post","type-post","status-publish","format-standard","has-post-thumbnail","hentry","category-exp","category-noticias-de-jerez"],"_links":{"self":[{"href":"https:\/\/raicesjerezanas.com\/index.php?rest_route=\/wp\/v2\/posts\/23033","targetHints":{"allow":["GET"]}}],"collection":[{"href":"https:\/\/raicesjerezanas.com\/index.php?rest_route=\/wp\/v2\/posts"}],"about":[{"href":"https:\/\/raicesjerezanas.com\/index.php?rest_route=\/wp\/v2\/types\/post"}],"author":[{"embeddable":true,"href":"https:\/\/raicesjerezanas.com\/index.php?rest_route=\/wp\/v2\/users\/1"}],"replies":[{"embeddable":true,"href":"https:\/\/raicesjerezanas.com\/index.php?rest_route=%2Fwp%2Fv2%2Fcomments&post=23033"}],"version-history":[{"count":0,"href":"https:\/\/raicesjerezanas.com\/index.php?rest_route=\/wp\/v2\/posts\/23033\/revisions"}],"wp:featuredmedia":[{"embeddable":true,"href":"https:\/\/raicesjerezanas.com\/index.php?rest_route=\/wp\/v2\/media\/23035"}],"wp:attachment":[{"href":"https:\/\/raicesjerezanas.com\/index.php?rest_route=%2Fwp%2Fv2%2Fmedia&parent=23033"}],"wp:term":[{"taxonomy":"category","embeddable":true,"href":"https:\/\/raicesjerezanas.com\/index.php?rest_route=%2Fwp%2Fv2%2Fcategories&post=23033"},{"taxonomy":"post_tag","embeddable":true,"href":"https:\/\/raicesjerezanas.com\/index.php?rest_route=%2Fwp%2Fv2%2Ftags&post=23033"}],"curies":[{"name":"wp","href":"https:\/\/api.w.org\/{rel}","templated":true}]}}