{"id":23037,"date":"2023-09-09T15:02:21","date_gmt":"2023-09-09T21:02:21","guid":{"rendered":"https:\/\/enconecte.com\/?p=23037"},"modified":"2023-09-09T15:02:21","modified_gmt":"2023-09-09T21:02:21","slug":"inauguran-en-jerez-liga-de-futbol-para-las-categorias-juveniles","status":"publish","type":"post","link":"https:\/\/raicesjerezanas.com\/?p=23037","title":{"rendered":"INAUGURAN EN JEREZ LIGA DE F\u00daTBOL PARA LAS CATEGOR\u00cdAS JUVENILES"},"content":{"rendered":"<p>Como parte de las actividades deportivas planificadas en Jerez, y como es costumbre desde hace 4 a\u00f1os, se llevan a cabo los torneos de la Liga de f\u00fatbol juvenil. Estos torneos est\u00e1n precedidos por un torneo de f\u00fatbol r\u00e1pido que se celebra despu\u00e9s de la ceremonia de inauguraci\u00f3n. En dicho torneo de f\u00fatbol r\u00e1pido participan las ligas juveniles intermedia y menor del municipio con el prop\u00f3sito de fomentar este deporte. Estos eventos son organizados por la Liga de F\u00fatbol en Jerez y cuentan con el respaldo del gobierno municipal 2021-2024 a trav\u00e9s de la Coordinaci\u00f3n Municipal del Deporte.<\/p>\n<p>Al dar inicio, el Prof. Freddy Aguilar, presidente de la Liga, explic\u00f3 que este es el cuarto torneo de la categor\u00eda juvenil y se espera la participaci\u00f3n de otros equipos que no pudieron asistir al torneo r\u00e1pido, pero que se unir\u00e1n a la liga regular. Agradeci\u00f3 el continuo apoyo del municipio y concluy\u00f3 animando a todos a disfrutar del evento.<\/p>\n<p>Por su parte, el Prof. Armando Qui\u00f1ones Ortiz, coordinador municipal del Deporte, reconoci\u00f3 el trabajo de la Liga, as\u00ed como el de los j\u00f3venes, padres y entrenadores de los 16 equipos presentes. Les record\u00f3 que el deporte, combinado con la educaci\u00f3n, son las herramientas para triunfar en la vida.<\/p>\n<p><a href=\"https:\/\/raicesjerezanas.com\/wp-content\/uploads\/2023\/09\/Imagen-de-WhatsApp-2023-09-09-a-las-15.06.41.jpg\"><img loading=\"lazy\" decoding=\"async\" class=\"alignnone size-full wp-image-23038\" src=\"https:\/\/raicesjerezanas.com\/wp-content\/uploads\/2023\/09\/Imagen-de-WhatsApp-2023-09-09-a-las-15.06.41.jpg\" alt=\"\" width=\"1200\" height=\"800\" srcset=\"https:\/\/raicesjerezanas.com\/wp-content\/uploads\/2023\/09\/Imagen-de-WhatsApp-2023-09-09-a-las-15.06.41.jpg 1200w, https:\/\/raicesjerezanas.com\/wp-content\/uploads\/2023\/09\/Imagen-de-WhatsApp-2023-09-09-a-las-15.06.41-300x200.jpg 300w, https:\/\/raicesjerezanas.com\/wp-content\/uploads\/2023\/09\/Imagen-de-WhatsApp-2023-09-09-a-las-15.06.41-1024x683.jpg 1024w, https:\/\/raicesjerezanas.com\/wp-content\/uploads\/2023\/09\/Imagen-de-WhatsApp-2023-09-09-a-las-15.06.41-768x512.jpg 768w\" sizes=\"auto, (max-width: 1200px) 100vw, 1200px\" \/><\/a> <a href=\"https:\/\/raicesjerezanas.com\/wp-content\/uploads\/2023\/09\/Imagen-de-WhatsApp-2023-09-09-a-las-15.06.43.jpg\"><img loading=\"lazy\" decoding=\"async\" class=\"alignnone size-full wp-image-23039\" src=\"https:\/\/raicesjerezanas.com\/wp-content\/uploads\/2023\/09\/Imagen-de-WhatsApp-2023-09-09-a-las-15.06.43.jpg\" alt=\"\" width=\"1200\" height=\"800\" srcset=\"https:\/\/raicesjerezanas.com\/wp-content\/uploads\/2023\/09\/Imagen-de-WhatsApp-2023-09-09-a-las-15.06.43.jpg 1200w, https:\/\/raicesjerezanas.com\/wp-content\/uploads\/2023\/09\/Imagen-de-WhatsApp-2023-09-09-a-las-15.06.43-300x200.jpg 300w, https:\/\/raicesjerezanas.com\/wp-content\/uploads\/2023\/09\/Imagen-de-WhatsApp-2023-09-09-a-las-15.06.43-1024x683.jpg 1024w, https:\/\/raicesjerezanas.com\/wp-content\/uploads\/2023\/09\/Imagen-de-WhatsApp-2023-09-09-a-las-15.06.43-768x512.jpg 768w\" sizes=\"auto, (max-width: 1200px) 100vw, 1200px\" \/><\/a><\/p>\n<p>Los equipos participantes en el torneo r\u00e1pido de la categor\u00eda juvenil menor fueron: Fovissste, Deportivo BT, Lobos, Coyotes, Ermita de Guadalupe, Frailes A, Frailes B y Rayados. En la categor\u00eda juvenil intermedia participaron: Frailes, Lobos, Deportes Carillo y Coyotes.<\/p>\n<p>Adem\u00e1s, estuvieron presentes el Lic. David Yosafat de la Torre, director de Desarrollo Econ\u00f3mico y Social, el Prof. Vidal Poblano Aguilar, subcoordinador del Deporte, y el Prof. Rigoberto Murillo, tesorero de la liga. Los resultados del torneo r\u00e1pido quedaron de la siguiente manera: en la categor\u00eda juvenil menor, el 1\u00b0 lugar fue para Rayados, el 2\u00b0 lugar para Coyotes, con un marcador de 6-0, y el 3\u00b0 lugar fue para Frailes. En la categor\u00eda juvenil intermedia, el 1\u00b0 lugar fue para Lobos, el 2\u00b0 lugar para Frailes, con un marcador de 4-1, y el 3\u00b0 lugar fue\u00a0para\u00a0Coyotes.<\/p>\n","protected":false},"excerpt":{"rendered":"<div class=\"mh-excerpt\"><p>Como parte de las actividades deportivas planificadas en Jerez, y como es costumbre desde hace 4 a\u00f1os, se llevan a cabo los torneos de la <a class=\"mh-excerpt-more\" href=\"https:\/\/raicesjerezanas.com\/?p=23037\" title=\"INAUGURAN EN JEREZ LIGA DE F\u00daTBOL PARA LAS CATEGOR\u00cdAS JUVENILES\">&#8230;<\/a><\/p>\n<\/div>","protected":false},"author":1,"featured_media":23038,"comment_status":"closed","ping_status":"closed","sticky":false,"template":"","format":"standard","meta":{"footnotes":""},"categories":[108,102],"tags":[],"class_list":["post-23037","post","type-post","status-publish","format-standard","has-post-thumbnail","hentry","category-exp","category-noticias-de-jerez"],"_links":{"self":[{"href":"https:\/\/raicesjerezanas.com\/index.php?rest_route=\/wp\/v2\/posts\/23037","targetHints":{"allow":["GET"]}}],"collection":[{"href":"https:\/\/raicesjerezanas.com\/index.php?rest_route=\/wp\/v2\/posts"}],"about":[{"href":"https:\/\/raicesjerezanas.com\/index.php?rest_route=\/wp\/v2\/types\/post"}],"author":[{"embeddable":true,"href":"https:\/\/raicesjerezanas.com\/index.php?rest_route=\/wp\/v2\/users\/1"}],"replies":[{"embeddable":true,"href":"https:\/\/raicesjerezanas.com\/index.php?rest_route=%2Fwp%2Fv2%2Fcomments&post=23037"}],"version-history":[{"count":0,"href":"https:\/\/raicesjerezanas.com\/index.php?rest_route=\/wp\/v2\/posts\/23037\/revisions"}],"wp:featuredmedia":[{"embeddable":true,"href":"https:\/\/raicesjerezanas.com\/index.php?rest_route=\/wp\/v2\/media\/23038"}],"wp:attachment":[{"href":"https:\/\/raicesjerezanas.com\/index.php?rest_route=%2Fwp%2Fv2%2Fmedia&parent=23037"}],"wp:term":[{"taxonomy":"category","embeddable":true,"href":"https:\/\/raicesjerezanas.com\/index.php?rest_route=%2Fwp%2Fv2%2Fcategories&post=23037"},{"taxonomy":"post_tag","embeddable":true,"href":"https:\/\/raicesjerezanas.com\/index.php?rest_route=%2Fwp%2Fv2%2Ftags&post=23037"}],"curies":[{"name":"wp","href":"https:\/\/api.w.org\/{rel}","templated":true}]}}