{"id":23040,"date":"2023-09-10T15:02:54","date_gmt":"2023-09-10T21:02:54","guid":{"rendered":"https:\/\/enconecte.com\/?p=23040"},"modified":"2023-09-10T15:02:54","modified_gmt":"2023-09-10T21:02:54","slug":"gran-fiesta-deportiva-en-la-presa-del-cargadero-con-la-decima-etapa-del-el-mtb-estatal","status":"publish","type":"post","link":"https:\/\/raicesjerezanas.com\/?p=23040","title":{"rendered":"GRAN FIESTA DEPORTIVA EN LA PRESA DEL CARGADERO, CON LA D\u00c9CIMA ETAPA DEL EL MTB ESTATAL"},"content":{"rendered":"<p>La presa del Cargadero en Jerez fue el escenario de una gran fiesta familiar y deportiva que represent\u00f3 la d\u00e9cima etapa del circuito estatal de ciclismo de monta\u00f1a. En este evento, se dieron cita m\u00e1s de 350 pedalistas provenientes de 13 municipios de la entidad, e incluso algunos del estado de Aguascalientes.<\/p>\n<p>En nombre del alcalde Jos\u00e9 Humberto Salazar Contreras, el director de Desarrollo Econ\u00f3mico y Social, David Josafat de la Torre Pinedo, dio el banderazo de salida a los competidores, quienes se concentraron en 24 categor\u00edas que abarcaban desde ni\u00f1os de dos o tres a\u00f1os de edad hasta adultos mayores de 60 a\u00f1os y m\u00e1s.<\/p>\n<p>De acuerdo con lo especificado en la convocatoria, los ciclistas realizaron el recorrido en un circuito de cuatro kil\u00f3metros trazado alrededor de la presa. En este circuito, se enfrentaron a obst\u00e1culos naturales que se forman en la agreste superficie y otros que los propios organizadores agregaron para aumentar la dificultad de la pista. Para las categor\u00edas m\u00e1s peque\u00f1as, se dise\u00f1\u00f3 un circuito m\u00e1s reducido pero igualmente desafiante.<\/p>\n<p>El evento atrajo a una gran cantidad de asistentes, y desde la fase de inscripciones de competidores hasta las propias competencias, prevaleci\u00f3 un ambiente familiar. Las carreras comenzaron con los m\u00e1s j\u00f3venes, quienes corrieron junto a sus padres, alent\u00e1ndolos a llegar a la meta.<\/p>\n<p><a href=\"https:\/\/raicesjerezanas.com\/wp-content\/uploads\/2023\/09\/Imagen-de-WhatsApp-2023-09-1d0-a-las-14.35.34.jpg\"><img loading=\"lazy\" decoding=\"async\" class=\"alignnone size-full wp-image-23042\" src=\"https:\/\/raicesjerezanas.com\/wp-content\/uploads\/2023\/09\/Imagen-de-WhatsApp-2023-09-1d0-a-las-14.35.34.jpg\" alt=\"\" width=\"1599\" height=\"1066\" srcset=\"https:\/\/raicesjerezanas.com\/wp-content\/uploads\/2023\/09\/Imagen-de-WhatsApp-2023-09-1d0-a-las-14.35.34.jpg 1599w, https:\/\/raicesjerezanas.com\/wp-content\/uploads\/2023\/09\/Imagen-de-WhatsApp-2023-09-1d0-a-las-14.35.34-300x200.jpg 300w, https:\/\/raicesjerezanas.com\/wp-content\/uploads\/2023\/09\/Imagen-de-WhatsApp-2023-09-1d0-a-las-14.35.34-1024x683.jpg 1024w, https:\/\/raicesjerezanas.com\/wp-content\/uploads\/2023\/09\/Imagen-de-WhatsApp-2023-09-1d0-a-las-14.35.34-768x512.jpg 768w, https:\/\/raicesjerezanas.com\/wp-content\/uploads\/2023\/09\/Imagen-de-WhatsApp-2023-09-1d0-a-las-14.35.34-1536x1024.jpg 1536w\" sizes=\"auto, (max-width: 1599px) 100vw, 1599px\" \/><\/a><\/p>\n<p>En el protocolo inaugural del evento estuvieron presentes la tesorera municipal Mar\u00eda Eva Cabral Brice\u00f1o, el director del Sistema Municipal de Agua Potable y Alcantarillado de Jerez (SIMAPAJ) Marco Antonio Valenzuela Esquivel, el director de Obras y Servicios P\u00fablicos Alfredo Mar\u00edn Luna, el director de Seguridad P\u00fablica Jos\u00e9 Alberto P\u00e9rez Rivera, el coordinador municipal del deporte Armando Qui\u00f1ones Ortiz y el presidente del Evento Zacatecano de Clubes y del comit\u00e9 organizador, Fidel Alvarado de la Torre, entre otros invitados y funcionarios del gobierno\u00a0municipal.<\/p>\n","protected":false},"excerpt":{"rendered":"<div class=\"mh-excerpt\"><p>La presa del Cargadero en Jerez fue el escenario de una gran fiesta familiar y deportiva que represent\u00f3 la d\u00e9cima etapa del circuito estatal de <a class=\"mh-excerpt-more\" href=\"https:\/\/raicesjerezanas.com\/?p=23040\" title=\"GRAN FIESTA DEPORTIVA EN LA PRESA DEL CARGADERO, CON LA D\u00c9CIMA ETAPA DEL EL MTB ESTATAL\">&#8230;<\/a><\/p>\n<\/div>","protected":false},"author":1,"featured_media":23041,"comment_status":"closed","ping_status":"closed","sticky":false,"template":"","format":"standard","meta":{"footnotes":""},"categories":[108,102],"tags":[],"class_list":["post-23040","post","type-post","status-publish","format-standard","has-post-thumbnail","hentry","category-exp","category-noticias-de-jerez"],"_links":{"self":[{"href":"https:\/\/raicesjerezanas.com\/index.php?rest_route=\/wp\/v2\/posts\/23040","targetHints":{"allow":["GET"]}}],"collection":[{"href":"https:\/\/raicesjerezanas.com\/index.php?rest_route=\/wp\/v2\/posts"}],"about":[{"href":"https:\/\/raicesjerezanas.com\/index.php?rest_route=\/wp\/v2\/types\/post"}],"author":[{"embeddable":true,"href":"https:\/\/raicesjerezanas.com\/index.php?rest_route=\/wp\/v2\/users\/1"}],"replies":[{"embeddable":true,"href":"https:\/\/raicesjerezanas.com\/index.php?rest_route=%2Fwp%2Fv2%2Fcomments&post=23040"}],"version-history":[{"count":0,"href":"https:\/\/raicesjerezanas.com\/index.php?rest_route=\/wp\/v2\/posts\/23040\/revisions"}],"wp:featuredmedia":[{"embeddable":true,"href":"https:\/\/raicesjerezanas.com\/index.php?rest_route=\/wp\/v2\/media\/23041"}],"wp:attachment":[{"href":"https:\/\/raicesjerezanas.com\/index.php?rest_route=%2Fwp%2Fv2%2Fmedia&parent=23040"}],"wp:term":[{"taxonomy":"category","embeddable":true,"href":"https:\/\/raicesjerezanas.com\/index.php?rest_route=%2Fwp%2Fv2%2Fcategories&post=23040"},{"taxonomy":"post_tag","embeddable":true,"href":"https:\/\/raicesjerezanas.com\/index.php?rest_route=%2Fwp%2Fv2%2Ftags&post=23040"}],"curies":[{"name":"wp","href":"https:\/\/api.w.org\/{rel}","templated":true}]}}