{"id":23044,"date":"2023-09-11T15:03:29","date_gmt":"2023-09-11T21:03:29","guid":{"rendered":"https:\/\/enconecte.com\/?p=23044"},"modified":"2023-09-11T15:03:29","modified_gmt":"2023-09-11T21:03:29","slug":"dif-jerez-realiza-jornada-informativa-por-el-mes-del-testamento","status":"publish","type":"post","link":"https:\/\/raicesjerezanas.com\/?p=23044","title":{"rendered":"DIF JEREZ REALIZA JORNADA INFORMATIVA POR EL MES DEL TESTAMENTO"},"content":{"rendered":"<p>En torno al Mes del Testamento, el DIF de Jerez lleva a cabo una jornada de conferencias dirigida principalmente a los adultos mayores, a efecto de informarles y concientizarlos sobre la importancia de realizar este tipo de estatuto.<\/p>\n<p>Jur\u00eddicos de la Procuradur\u00eda perteneciente al DIF Municipal que dirige la presidenta honor\u00edfica Bertha Alicia Garc\u00eda Duarte, han visitado grupos de la tercera edad de los Centros de Desarrollo Comunitarios (CDC) y a otros sectores como los jubilados del ISSSTEZAC, para hacerles reflexionar sobre el tema.<\/p>\n<p>A todos ellos se les ha enfatizado que el testamento es un instrumento legal as\u00ed como un acto personal, revocable y libre, por el cual una persona dispone de sus bienes y derechos, al tiempo que declara deberes para despu\u00e9s de su muerte.<\/p>\n<p>Tambi\u00e9n se les ha resaltado que por ser revocable, el testamento tiene la ventaja de poderse modificar tantas veces como el testador lo prefiera, pudiendo adaptarlo a las diferentes circunstancias que se le presenten en la vida.<\/p>\n<p><a href=\"https:\/\/raicesjerezanas.com\/wp-content\/uploads\/2023\/09\/Imagen-de-WhatsApp-2023-09-11-a-las-14.33.45-1.jpg\"><img loading=\"lazy\" decoding=\"async\" class=\"alignnone size-full wp-image-23047\" src=\"https:\/\/raicesjerezanas.com\/wp-content\/uploads\/2023\/09\/Imagen-de-WhatsApp-2023-09-11-a-las-14.33.45-1.jpg\" alt=\"\" width=\"1600\" height=\"1066\" srcset=\"https:\/\/raicesjerezanas.com\/wp-content\/uploads\/2023\/09\/Imagen-de-WhatsApp-2023-09-11-a-las-14.33.45-1.jpg 1600w, https:\/\/raicesjerezanas.com\/wp-content\/uploads\/2023\/09\/Imagen-de-WhatsApp-2023-09-11-a-las-14.33.45-1-300x200.jpg 300w, https:\/\/raicesjerezanas.com\/wp-content\/uploads\/2023\/09\/Imagen-de-WhatsApp-2023-09-11-a-las-14.33.45-1-1024x682.jpg 1024w, https:\/\/raicesjerezanas.com\/wp-content\/uploads\/2023\/09\/Imagen-de-WhatsApp-2023-09-11-a-las-14.33.45-1-768x512.jpg 768w, https:\/\/raicesjerezanas.com\/wp-content\/uploads\/2023\/09\/Imagen-de-WhatsApp-2023-09-11-a-las-14.33.45-1-1536x1023.jpg 1536w\" sizes=\"auto, (max-width: 1600px) 100vw, 1600px\" \/><\/a><\/p>\n<p>El procedimiento se tiene que efectuar ante un notario p\u00fablico presentando cierta documentaci\u00f3n adem\u00e1s del respaldo de testigos, y durante este mes se otorga un descuento que establece un precio para Zacatecas de 3 mil 760 pesos, en comparaci\u00f3n a 6 mil en el resto del a\u00f1o.<\/p>\n<p>El DIF continuar\u00e1 a mediados de esta semana recorriendo m\u00e1s Centros y organismos, entre los que sea de relevancia difundir informaci\u00f3n sobre el testamento, a la par de que estar\u00e1 recibiendo en sus oficinas a quienes de manera particular soliciten\u00a0orientaci\u00f3n.<\/p>\n","protected":false},"excerpt":{"rendered":"<div class=\"mh-excerpt\"><p>En torno al Mes del Testamento, el DIF de Jerez lleva a cabo una jornada de conferencias dirigida principalmente a los adultos mayores, a efecto <a class=\"mh-excerpt-more\" href=\"https:\/\/raicesjerezanas.com\/?p=23044\" title=\"DIF JEREZ REALIZA JORNADA INFORMATIVA POR EL MES DEL TESTAMENTO\">&#8230;<\/a><\/p>\n<\/div>","protected":false},"author":1,"featured_media":23048,"comment_status":"closed","ping_status":"closed","sticky":false,"template":"","format":"standard","meta":{"footnotes":""},"categories":[108,102],"tags":[],"class_list":["post-23044","post","type-post","status-publish","format-standard","has-post-thumbnail","hentry","category-exp","category-noticias-de-jerez"],"_links":{"self":[{"href":"https:\/\/raicesjerezanas.com\/index.php?rest_route=\/wp\/v2\/posts\/23044","targetHints":{"allow":["GET"]}}],"collection":[{"href":"https:\/\/raicesjerezanas.com\/index.php?rest_route=\/wp\/v2\/posts"}],"about":[{"href":"https:\/\/raicesjerezanas.com\/index.php?rest_route=\/wp\/v2\/types\/post"}],"author":[{"embeddable":true,"href":"https:\/\/raicesjerezanas.com\/index.php?rest_route=\/wp\/v2\/users\/1"}],"replies":[{"embeddable":true,"href":"https:\/\/raicesjerezanas.com\/index.php?rest_route=%2Fwp%2Fv2%2Fcomments&post=23044"}],"version-history":[{"count":0,"href":"https:\/\/raicesjerezanas.com\/index.php?rest_route=\/wp\/v2\/posts\/23044\/revisions"}],"wp:featuredmedia":[{"embeddable":true,"href":"https:\/\/raicesjerezanas.com\/index.php?rest_route=\/wp\/v2\/media\/23048"}],"wp:attachment":[{"href":"https:\/\/raicesjerezanas.com\/index.php?rest_route=%2Fwp%2Fv2%2Fmedia&parent=23044"}],"wp:term":[{"taxonomy":"category","embeddable":true,"href":"https:\/\/raicesjerezanas.com\/index.php?rest_route=%2Fwp%2Fv2%2Fcategories&post=23044"},{"taxonomy":"post_tag","embeddable":true,"href":"https:\/\/raicesjerezanas.com\/index.php?rest_route=%2Fwp%2Fv2%2Ftags&post=23044"}],"curies":[{"name":"wp","href":"https:\/\/api.w.org\/{rel}","templated":true}]}}