{"id":23049,"date":"2023-09-11T15:04:33","date_gmt":"2023-09-11T21:04:33","guid":{"rendered":"https:\/\/enconecte.com\/?p=23049"},"modified":"2023-09-11T15:04:33","modified_gmt":"2023-09-11T21:04:33","slug":"gobierno-de-jerez-reconoce-al-dr-axel-didriksson-takayanagui","status":"publish","type":"post","link":"https:\/\/raicesjerezanas.com\/?p=23049","title":{"rendered":"GOBIERNO DE JEREZ RECONOCE AL DR. AXEL DIDRIKSSON TAKAYANAGUI"},"content":{"rendered":"<p>Dentro del marco de los festejos por el XX aniversario del Instituto Tecnol\u00f3gico Nacional de M\u00e9xico Campus Jerez (TNM-CJ), una de las actividades de gran relevancia fue la visita del Dr. Axel Didriksson Takayanagui, un ponente de renombre a nivel internacional en materia educativa. Por esta raz\u00f3n, la administraci\u00f3n municipal 2021-2024, a trav\u00e9s de la Coordinaci\u00f3n Municipal de Educaci\u00f3n, lo reconoci\u00f3 esta ma\u00f1ana en el despacho del presidente municipal, con el fin de fortalecer los lazos y fomentar su continuo aporte a la educaci\u00f3n.<\/p>\n<p>Al recibir a la comitiva, el Lic. H\u00e9ctor Hugo Ram\u00edrez Escobedo, Secretario de Gobierno, en nombre del municipio, extendi\u00f3 su reconocimiento hacia el Dr. Didriksson por su destacada trayectoria profesional como escritor, docente e investigador, as\u00ed como por su labor en el TNM-CJ, donde comparti\u00f3 sus conocimientos a trav\u00e9s de la conferencia titulada \u00abLas Megatendencias de la Educaci\u00f3n Superior: Retos y Desaf\u00edos\u00bb.<\/p>\n<p>Por su parte, el Dr. Axel Didriksson Takayanagui, quien ocupa el cargo de presidente de la Red Global de Universidades de la Innovaci\u00f3n (GUNi) para Am\u00e9rica Latina y el Caribe y es titular de la C\u00e1tedra UNESCO Universidad y Desarrollo Regional, expres\u00f3 sentirse honrado y sorprendido por el reconocimiento inesperado. Adem\u00e1s, aprob\u00f3 la labor del municipio en el \u00e1mbito educativo.<\/p>\n<p><a href=\"https:\/\/raicesjerezanas.com\/wp-content\/uploads\/2023\/09\/Imagen-de-WhatsApp-2023-09-11-a-las-16.41.30.jpg\"><img loading=\"lazy\" decoding=\"async\" class=\"alignnone size-full wp-image-23051\" src=\"https:\/\/raicesjerezanas.com\/wp-content\/uploads\/2023\/09\/Imagen-de-WhatsApp-2023-09-11-a-las-16.41.30.jpg\" alt=\"\" width=\"1600\" height=\"1066\" srcset=\"https:\/\/raicesjerezanas.com\/wp-content\/uploads\/2023\/09\/Imagen-de-WhatsApp-2023-09-11-a-las-16.41.30.jpg 1600w, https:\/\/raicesjerezanas.com\/wp-content\/uploads\/2023\/09\/Imagen-de-WhatsApp-2023-09-11-a-las-16.41.30-300x200.jpg 300w, https:\/\/raicesjerezanas.com\/wp-content\/uploads\/2023\/09\/Imagen-de-WhatsApp-2023-09-11-a-las-16.41.30-1024x682.jpg 1024w, https:\/\/raicesjerezanas.com\/wp-content\/uploads\/2023\/09\/Imagen-de-WhatsApp-2023-09-11-a-las-16.41.30-768x512.jpg 768w, https:\/\/raicesjerezanas.com\/wp-content\/uploads\/2023\/09\/Imagen-de-WhatsApp-2023-09-11-a-las-16.41.30-1536x1023.jpg 1536w\" sizes=\"auto, (max-width: 1600px) 100vw, 1600px\" \/><\/a><\/p>\n<p>Antes de concluir la reuni\u00f3n, el director del instituto, Lic. Juan Antonio Rangel Trujillo, agradeci\u00f3 al municipio por su apoyo y lo reconoci\u00f3 como un gran aliado para fortalecer la presencia del Instituto en la regi\u00f3n. Tambi\u00e9n destac\u00f3 su papel como un factor de influencia positiva en beneficio de la educaci\u00f3n en toda la regi\u00f3n. Finaliz\u00f3 su declaraci\u00f3n resaltando que el alcalde y su equipo han sido corresponsables en este tema, dejando claro que han comprendido la importancia de la educaci\u00f3n, el crecimiento, la innovaci\u00f3n y el conocimiento durante esta administraci\u00f3n. En la reuni\u00f3n tambi\u00e9n estuvieron presentes la Mtra. Mar\u00eda Esther Ibarra, Coordinadora de Educaci\u00f3n, y el personal\u00a0del\u00a0TNM-CJ.<\/p>\n","protected":false},"excerpt":{"rendered":"<div class=\"mh-excerpt\"><p>Dentro del marco de los festejos por el XX aniversario del Instituto Tecnol\u00f3gico Nacional de M\u00e9xico Campus Jerez (TNM-CJ), una de las actividades de gran <a class=\"mh-excerpt-more\" href=\"https:\/\/raicesjerezanas.com\/?p=23049\" title=\"GOBIERNO DE JEREZ RECONOCE AL DR. AXEL DIDRIKSSON TAKAYANAGUI\">&#8230;<\/a><\/p>\n<\/div>","protected":false},"author":1,"featured_media":23050,"comment_status":"closed","ping_status":"closed","sticky":false,"template":"","format":"standard","meta":{"footnotes":""},"categories":[108,102],"tags":[],"class_list":["post-23049","post","type-post","status-publish","format-standard","has-post-thumbnail","hentry","category-exp","category-noticias-de-jerez"],"_links":{"self":[{"href":"https:\/\/raicesjerezanas.com\/index.php?rest_route=\/wp\/v2\/posts\/23049","targetHints":{"allow":["GET"]}}],"collection":[{"href":"https:\/\/raicesjerezanas.com\/index.php?rest_route=\/wp\/v2\/posts"}],"about":[{"href":"https:\/\/raicesjerezanas.com\/index.php?rest_route=\/wp\/v2\/types\/post"}],"author":[{"embeddable":true,"href":"https:\/\/raicesjerezanas.com\/index.php?rest_route=\/wp\/v2\/users\/1"}],"replies":[{"embeddable":true,"href":"https:\/\/raicesjerezanas.com\/index.php?rest_route=%2Fwp%2Fv2%2Fcomments&post=23049"}],"version-history":[{"count":0,"href":"https:\/\/raicesjerezanas.com\/index.php?rest_route=\/wp\/v2\/posts\/23049\/revisions"}],"wp:featuredmedia":[{"embeddable":true,"href":"https:\/\/raicesjerezanas.com\/index.php?rest_route=\/wp\/v2\/media\/23050"}],"wp:attachment":[{"href":"https:\/\/raicesjerezanas.com\/index.php?rest_route=%2Fwp%2Fv2%2Fmedia&parent=23049"}],"wp:term":[{"taxonomy":"category","embeddable":true,"href":"https:\/\/raicesjerezanas.com\/index.php?rest_route=%2Fwp%2Fv2%2Fcategories&post=23049"},{"taxonomy":"post_tag","embeddable":true,"href":"https:\/\/raicesjerezanas.com\/index.php?rest_route=%2Fwp%2Fv2%2Ftags&post=23049"}],"curies":[{"name":"wp","href":"https:\/\/api.w.org\/{rel}","templated":true}]}}