{"id":23056,"date":"2023-09-13T15:06:53","date_gmt":"2023-09-13T21:06:53","guid":{"rendered":"https:\/\/enconecte.com\/?p=23056"},"modified":"2023-09-13T15:06:53","modified_gmt":"2023-09-13T21:06:53","slug":"anuncia-el-gobernador-importantes-obras-en-el-municipio","status":"publish","type":"post","link":"https:\/\/raicesjerezanas.com\/?p=23056","title":{"rendered":"ANUNCIA EL GOBERNADOR IMPORTANTES OBRAS EN EL MUNICIPIO"},"content":{"rendered":"<p>En su mensaje, el gobernador del Estado, David Monreal \u00c1vila, exhort\u00f3 al Cabildo, a los funcionarios p\u00fablicos y al propio presidente municipal a que, basados en la experiencia adquirida en estos dos a\u00f1os de servicio p\u00fablico, se esfuercen por ofrecer mejores resultados en el pr\u00f3ximo periodo. Subray\u00f3 la urgencia de impulsar el desarrollo de las actividades productivas de la poblaci\u00f3n.<\/p>\n<p>Propuso la implementaci\u00f3n de un esquema de coparticipaci\u00f3n financiera para multiplicar los recursos del municipio, destin\u00e1ndolos a proyectos de infraestructura como carreteras, agua potable, deporte, programas alimentarios y otros. Adem\u00e1s, expres\u00f3 su disposici\u00f3n a contribuir el doble por cada peso aportado por el municipio, especialmente en proyectos de carreteras, para abordar las necesidades en este sentido.<\/p>\n<p>El gobernador se\u00f1al\u00f3 que el municipio de Jerez cuenta con su respaldo y anunci\u00f3 que la construcci\u00f3n de la Casa del Bienestar est\u00e1 a punto de concluir en la ciudad, representando un modelo de estancia para adultos mayores. Adem\u00e1s, mencion\u00f3 que se iniciar\u00e1 la construcci\u00f3n de otra Casa del Bienestar en la misma localidad. Tambi\u00e9n confirm\u00f3 la edificaci\u00f3n de una nueva cl\u00ednica bajo el esquema de IMSS Bienestar, con el prop\u00f3sito de brindar consultas de especialidades gratuitas, medicamentos y cirug\u00edas a los habitantes de Jerez. Asimismo, se plantea la reconstrucci\u00f3n de las carreteras del municipio como parte de los proyectos\u00a0venideros.<\/p>\n","protected":false},"excerpt":{"rendered":"<div class=\"mh-excerpt\"><p>En su mensaje, el gobernador del Estado, David Monreal \u00c1vila, exhort\u00f3 al Cabildo, a los funcionarios p\u00fablicos y al propio presidente municipal a que, basados <a class=\"mh-excerpt-more\" href=\"https:\/\/raicesjerezanas.com\/?p=23056\" title=\"ANUNCIA EL GOBERNADOR IMPORTANTES OBRAS EN EL MUNICIPIO\">&#8230;<\/a><\/p>\n<\/div>","protected":false},"author":1,"featured_media":23057,"comment_status":"closed","ping_status":"closed","sticky":false,"template":"","format":"standard","meta":{"footnotes":""},"categories":[108,102],"tags":[],"class_list":["post-23056","post","type-post","status-publish","format-standard","has-post-thumbnail","hentry","category-exp","category-noticias-de-jerez"],"_links":{"self":[{"href":"https:\/\/raicesjerezanas.com\/index.php?rest_route=\/wp\/v2\/posts\/23056","targetHints":{"allow":["GET"]}}],"collection":[{"href":"https:\/\/raicesjerezanas.com\/index.php?rest_route=\/wp\/v2\/posts"}],"about":[{"href":"https:\/\/raicesjerezanas.com\/index.php?rest_route=\/wp\/v2\/types\/post"}],"author":[{"embeddable":true,"href":"https:\/\/raicesjerezanas.com\/index.php?rest_route=\/wp\/v2\/users\/1"}],"replies":[{"embeddable":true,"href":"https:\/\/raicesjerezanas.com\/index.php?rest_route=%2Fwp%2Fv2%2Fcomments&post=23056"}],"version-history":[{"count":0,"href":"https:\/\/raicesjerezanas.com\/index.php?rest_route=\/wp\/v2\/posts\/23056\/revisions"}],"wp:featuredmedia":[{"embeddable":true,"href":"https:\/\/raicesjerezanas.com\/index.php?rest_route=\/wp\/v2\/media\/23057"}],"wp:attachment":[{"href":"https:\/\/raicesjerezanas.com\/index.php?rest_route=%2Fwp%2Fv2%2Fmedia&parent=23056"}],"wp:term":[{"taxonomy":"category","embeddable":true,"href":"https:\/\/raicesjerezanas.com\/index.php?rest_route=%2Fwp%2Fv2%2Fcategories&post=23056"},{"taxonomy":"post_tag","embeddable":true,"href":"https:\/\/raicesjerezanas.com\/index.php?rest_route=%2Fwp%2Fv2%2Ftags&post=23056"}],"curies":[{"name":"wp","href":"https:\/\/api.w.org\/{rel}","templated":true}]}}