{"id":23065,"date":"2023-09-13T21:56:44","date_gmt":"2023-09-14T03:56:44","guid":{"rendered":"https:\/\/enconecte.com\/?p=23065"},"modified":"2023-09-13T21:56:44","modified_gmt":"2023-09-14T03:56:44","slug":"inicia-colocacion-de-pasto-sintetico-en-el-estadio-de-beisbol-jerez","status":"publish","type":"post","link":"https:\/\/raicesjerezanas.com\/?p=23065","title":{"rendered":"INICIA COLOCACI\u00d3N DE PASTO SINT\u00c9TICO EN EL ESTADIO DE BEISBOL JEREZ"},"content":{"rendered":"<ul>\n<li>Contin\u00faan las gestiones para desarrollar un proyecto de renovaci\u00f3n total en este espacio deportivo<\/li>\n<\/ul>\n<p>El alcalde Jos\u00e9 Humberto Salazar Contreras encabez\u00f3 el evento para el arranque del empastado sint\u00e9tico en el Estadio de Beisbol Jerez, acci\u00f3n con la que se dignificar\u00e1 el m\u00e1s importante espacio para la pr\u00e1ctica de uno de los deportes de los m\u00e1s populares en el municipio.<\/p>\n<p>Ante directivos de la Liga Municipal, encabezados por Rafael Robles Canel y Manuel de Jes\u00fas Mar\u00edn presidente y secretario, as\u00ed como Cipriano Rojas dirigente de la Liga M\u00e1ster, el doctor Salazar reconoci\u00f3 que, el llamado Rey de los Deportes, tiene mucha historia en Jerez, donde han surgido muy buenos peloteros y afirm\u00f3 que existe un proyecto completo para transformar este parque, en un espacio m\u00e1s digno, con el apoyo del gobierno federal y de la mano con los beisbolistas.<\/p>\n<p>Precis\u00f3 que en su gobierno, se est\u00e1 proyectando al deporte y la educaci\u00f3n, as\u00ed como la dignificaci\u00f3n de espacios p\u00fablicos, que contribuyan al restablecimiento del tejido social y el rescate de valores en ni\u00f1os y j\u00f3venes, de ah\u00ed que se ha propuesto una mejora constante a las instalaciones deportivas.<\/p>\n<p><a href=\"https:\/\/raicesjerezanas.com\/wp-content\/uploads\/2023\/09\/Imagen-de-WhatsApp-2023-09-13-a-las-15.42.53.jpg\"><img loading=\"lazy\" decoding=\"async\" class=\"alignnone size-full wp-image-23068\" src=\"https:\/\/raicesjerezanas.com\/wp-content\/uploads\/2023\/09\/Imagen-de-WhatsApp-2023-09-13-a-las-15.42.53.jpg\" alt=\"\" width=\"1600\" height=\"1066\" srcset=\"https:\/\/raicesjerezanas.com\/wp-content\/uploads\/2023\/09\/Imagen-de-WhatsApp-2023-09-13-a-las-15.42.53.jpg 1600w, https:\/\/raicesjerezanas.com\/wp-content\/uploads\/2023\/09\/Imagen-de-WhatsApp-2023-09-13-a-las-15.42.53-300x200.jpg 300w, https:\/\/raicesjerezanas.com\/wp-content\/uploads\/2023\/09\/Imagen-de-WhatsApp-2023-09-13-a-las-15.42.53-1024x682.jpg 1024w, https:\/\/raicesjerezanas.com\/wp-content\/uploads\/2023\/09\/Imagen-de-WhatsApp-2023-09-13-a-las-15.42.53-768x512.jpg 768w, https:\/\/raicesjerezanas.com\/wp-content\/uploads\/2023\/09\/Imagen-de-WhatsApp-2023-09-13-a-las-15.42.53-1536x1023.jpg 1536w\" sizes=\"auto, (max-width: 1600px) 100vw, 1600px\" \/><\/a><\/p>\n<p>En este sentido, el director de Obras y Servicios P\u00fablicos Alfredo Mar\u00edn Luna, dijo que el proyecto considera la transformaci\u00f3n total del espacio y para ellos se realizan las gestiones ante la federaci\u00f3n, pero en tanto se logran los recursos, se iniciar\u00e1 con esta parte del empastado sint\u00e9tico, que considera realizar cortes al terreno, nivelaci\u00f3n, retiro de material, mejoramiento de suelo y tratamiento con sello, pero luego aplicar la capa sint\u00e9tica.<\/p>\n<p>Anticip\u00f3 que el a\u00f1o pr\u00f3ximo se estar\u00e1n atendiendo diversos campos de b\u00e9isbol en las comunidades, que no cuenten con sanitarios, dugout y gradas, espacios que se construir\u00e1n con el fin de hacerlos m\u00e1s dignos, entre ellos en El Cargadero, San Juan del Centro, Ermita de Guadalupe y Santa Rita.<br \/>\nAcompa\u00f1ado tambi\u00e9n por el regidor Luis Mario Mart\u00ednez Aparicio, el director de Desarrollo Econ\u00f3mico y Social, David Josafat de la Torre Pinedo y el subdirector de Obras P\u00fablicas Gustavo Barajas, el presidente dio el banderazo a la maquinaria que comenz\u00f3 el acondicionamiento del terreno.<\/p>\n<p><a href=\"https:\/\/raicesjerezanas.com\/wp-content\/uploads\/2023\/09\/Imagen-de-WhatsApp-2023-09-13-a-las-15.42.52.jpg\"><img loading=\"lazy\" decoding=\"async\" class=\"alignnone size-full wp-image-23067\" src=\"https:\/\/raicesjerezanas.com\/wp-content\/uploads\/2023\/09\/Imagen-de-WhatsApp-2023-09-13-a-las-15.42.52.jpg\" alt=\"\" width=\"1600\" height=\"1066\" srcset=\"https:\/\/raicesjerezanas.com\/wp-content\/uploads\/2023\/09\/Imagen-de-WhatsApp-2023-09-13-a-las-15.42.52.jpg 1600w, https:\/\/raicesjerezanas.com\/wp-content\/uploads\/2023\/09\/Imagen-de-WhatsApp-2023-09-13-a-las-15.42.52-300x200.jpg 300w, https:\/\/raicesjerezanas.com\/wp-content\/uploads\/2023\/09\/Imagen-de-WhatsApp-2023-09-13-a-las-15.42.52-1024x682.jpg 1024w, https:\/\/raicesjerezanas.com\/wp-content\/uploads\/2023\/09\/Imagen-de-WhatsApp-2023-09-13-a-las-15.42.52-768x512.jpg 768w, https:\/\/raicesjerezanas.com\/wp-content\/uploads\/2023\/09\/Imagen-de-WhatsApp-2023-09-13-a-las-15.42.52-1536x1023.jpg 1536w\" sizes=\"auto, (max-width: 1600px) 100vw, 1600px\" \/><\/a><\/p>\n<p>La Liga Municipal de B\u00e9isbol ha tenido un desarrollo importante en estos \u00faltimos meses, con el incremento de equipos de primera, segunda fuerza y novatos, adem\u00e1s de que con el apoyo del Comit\u00e9 Municipal del deporte, se dio apertura a la competencia de infantiles y al softbol femenil, tambi\u00e9n se tienen equipos de m\u00e1ster participando el torneo estatal; en general son casi 50 equipos los que se beneficiar\u00e1n con esta acci\u00f3n.<\/p>\n<p>En nombre de ellos, Rafael Robles Canel agradeci\u00f3 al doctor Salazar, que su gobierno volte\u00e9 hacia este deporte y mejore su principal escenario; dijo que es una gran ayuda, porque no est\u00e1 en condiciones tan favorable, por lo que le solicit\u00f3 que siga apoyando y ellos como liga, continuar\u00e1n haciendo su parte para respaldar a los deportistas y llevarlos a competencias\u00a0de\u00a0otro\u00a0nivel.<\/p>\n","protected":false},"excerpt":{"rendered":"<div class=\"mh-excerpt\"><p>Contin\u00faan las gestiones para desarrollar un proyecto de renovaci\u00f3n total en este espacio deportivo El alcalde Jos\u00e9 Humberto Salazar Contreras encabez\u00f3 el evento para el <a class=\"mh-excerpt-more\" href=\"https:\/\/raicesjerezanas.com\/?p=23065\" title=\"INICIA COLOCACI\u00d3N DE PASTO SINT\u00c9TICO EN EL ESTADIO DE BEISBOL JEREZ\">&#8230;<\/a><\/p>\n<\/div>","protected":false},"author":1,"featured_media":23066,"comment_status":"closed","ping_status":"closed","sticky":false,"template":"","format":"standard","meta":{"footnotes":""},"categories":[108,102],"tags":[],"class_list":["post-23065","post","type-post","status-publish","format-standard","has-post-thumbnail","hentry","category-exp","category-noticias-de-jerez"],"_links":{"self":[{"href":"https:\/\/raicesjerezanas.com\/index.php?rest_route=\/wp\/v2\/posts\/23065","targetHints":{"allow":["GET"]}}],"collection":[{"href":"https:\/\/raicesjerezanas.com\/index.php?rest_route=\/wp\/v2\/posts"}],"about":[{"href":"https:\/\/raicesjerezanas.com\/index.php?rest_route=\/wp\/v2\/types\/post"}],"author":[{"embeddable":true,"href":"https:\/\/raicesjerezanas.com\/index.php?rest_route=\/wp\/v2\/users\/1"}],"replies":[{"embeddable":true,"href":"https:\/\/raicesjerezanas.com\/index.php?rest_route=%2Fwp%2Fv2%2Fcomments&post=23065"}],"version-history":[{"count":0,"href":"https:\/\/raicesjerezanas.com\/index.php?rest_route=\/wp\/v2\/posts\/23065\/revisions"}],"wp:featuredmedia":[{"embeddable":true,"href":"https:\/\/raicesjerezanas.com\/index.php?rest_route=\/wp\/v2\/media\/23066"}],"wp:attachment":[{"href":"https:\/\/raicesjerezanas.com\/index.php?rest_route=%2Fwp%2Fv2%2Fmedia&parent=23065"}],"wp:term":[{"taxonomy":"category","embeddable":true,"href":"https:\/\/raicesjerezanas.com\/index.php?rest_route=%2Fwp%2Fv2%2Fcategories&post=23065"},{"taxonomy":"post_tag","embeddable":true,"href":"https:\/\/raicesjerezanas.com\/index.php?rest_route=%2Fwp%2Fv2%2Ftags&post=23065"}],"curies":[{"name":"wp","href":"https:\/\/api.w.org\/{rel}","templated":true}]}}