{"id":23069,"date":"2023-09-13T21:58:42","date_gmt":"2023-09-14T03:58:42","guid":{"rendered":"https:\/\/enconecte.com\/?p=23069"},"modified":"2023-09-13T21:58:42","modified_gmt":"2023-09-14T03:58:42","slug":"entregan-premios-a-los-ganadores-del-reto-verano-fitness-en-jerez","status":"publish","type":"post","link":"https:\/\/raicesjerezanas.com\/?p=23069","title":{"rendered":"ENTREGAN PREMIOS A LOS GANADORES DEL RETO VERANO FITNESS EN JEREZ"},"content":{"rendered":"<p>El reto Verano Fitness comenz\u00f3 a principios de julio para incentivar a los j\u00f3venes jerezanos a buscar una vida saludable. Los participantes, de entre 15 y 29 a\u00f1os, recibieron gratuitamente un plan de alimentaci\u00f3n, rutinas de ejercicio y asesor\u00edas personalizadas. La competencia, que dur\u00f3 dos meses, fue lanzada por el gobierno municipal 2021-2024 a trav\u00e9s del Instituto Jerezano de la Juventud (INJJUVE) y se difundi\u00f3 por sus redes sociales y medios de comunicaci\u00f3n.<\/p>\n<p>La premiaci\u00f3n a los tres primeros lugares se realiz\u00f3 en las instalaciones del Louder Fitness Studio, con la presencia de su propietario y patrocinador del reto, Demis Alan del Villar Huerta; el director de Desarrollo Econ\u00f3mico y Social, David Jossafat de la Torre Pinedo; la coordinadora del INJJUVE, Laura Marlinet Carrillo D\u00edaz; el nutri\u00f3logo Ra\u00fal Mar\u00edn Pasillas, encargado de dise\u00f1ar las dietas, asesor\u00edas y planes de ejercicio; y personal del INJJUVE.<\/p>\n<p>Los tres participantes que lograron reducir m\u00e1s sus \u00edndices de grasa corporal fueron: Ana Cristina Bautista Herrera, quien obtuvo el primer lugar y se llev\u00f3 tres meses gratis de gimnasio y una prote\u00edna de suero de leche de cinco libras; Betzy Janet Murillo Mu\u00f1oz, quien qued\u00f3 en segundo lugar y gan\u00f3 dos meses gratis de gimnasio; y Jes\u00fas Adri\u00e1n Rodar\u00e9 Valdez, quien ocup\u00f3 el tercer lugar y recibi\u00f3 un mes gratis de gimnasio. Los j\u00f3venes fueron felicitados y motivados a seguir con su disciplina y dedicaci\u00f3n, que hoy fue reconocida, y adem\u00e1s de los premios econ\u00f3micos lograron una vida\u00a0m\u00e1s\u00a0saludable.<\/p>\n<p><a href=\"https:\/\/raicesjerezanas.com\/wp-content\/uploads\/2023\/09\/Imagen-de-WhatsApp-2023-09-13-a-las-18.27.07.jpg\"><img loading=\"lazy\" decoding=\"async\" class=\"alignnone size-full wp-image-23071\" src=\"https:\/\/raicesjerezanas.com\/wp-content\/uploads\/2023\/09\/Imagen-de-WhatsApp-2023-09-13-a-las-18.27.07.jpg\" alt=\"\" width=\"1600\" height=\"757\" srcset=\"https:\/\/raicesjerezanas.com\/wp-content\/uploads\/2023\/09\/Imagen-de-WhatsApp-2023-09-13-a-las-18.27.07.jpg 1600w, https:\/\/raicesjerezanas.com\/wp-content\/uploads\/2023\/09\/Imagen-de-WhatsApp-2023-09-13-a-las-18.27.07-300x142.jpg 300w, https:\/\/raicesjerezanas.com\/wp-content\/uploads\/2023\/09\/Imagen-de-WhatsApp-2023-09-13-a-las-18.27.07-1024x484.jpg 1024w, https:\/\/raicesjerezanas.com\/wp-content\/uploads\/2023\/09\/Imagen-de-WhatsApp-2023-09-13-a-las-18.27.07-768x363.jpg 768w, https:\/\/raicesjerezanas.com\/wp-content\/uploads\/2023\/09\/Imagen-de-WhatsApp-2023-09-13-a-las-18.27.07-1536x727.jpg 1536w\" sizes=\"auto, (max-width: 1600px) 100vw, 1600px\" \/><\/a><\/p>\n","protected":false},"excerpt":{"rendered":"<div class=\"mh-excerpt\"><p>El reto Verano Fitness comenz\u00f3 a principios de julio para incentivar a los j\u00f3venes jerezanos a buscar una vida saludable. Los participantes, de entre 15 <a class=\"mh-excerpt-more\" href=\"https:\/\/raicesjerezanas.com\/?p=23069\" title=\"ENTREGAN PREMIOS A LOS GANADORES DEL RETO VERANO FITNESS EN JEREZ\">&#8230;<\/a><\/p>\n<\/div>","protected":false},"author":1,"featured_media":23070,"comment_status":"closed","ping_status":"closed","sticky":false,"template":"","format":"standard","meta":{"footnotes":""},"categories":[108,102],"tags":[],"class_list":["post-23069","post","type-post","status-publish","format-standard","has-post-thumbnail","hentry","category-exp","category-noticias-de-jerez"],"_links":{"self":[{"href":"https:\/\/raicesjerezanas.com\/index.php?rest_route=\/wp\/v2\/posts\/23069","targetHints":{"allow":["GET"]}}],"collection":[{"href":"https:\/\/raicesjerezanas.com\/index.php?rest_route=\/wp\/v2\/posts"}],"about":[{"href":"https:\/\/raicesjerezanas.com\/index.php?rest_route=\/wp\/v2\/types\/post"}],"author":[{"embeddable":true,"href":"https:\/\/raicesjerezanas.com\/index.php?rest_route=\/wp\/v2\/users\/1"}],"replies":[{"embeddable":true,"href":"https:\/\/raicesjerezanas.com\/index.php?rest_route=%2Fwp%2Fv2%2Fcomments&post=23069"}],"version-history":[{"count":0,"href":"https:\/\/raicesjerezanas.com\/index.php?rest_route=\/wp\/v2\/posts\/23069\/revisions"}],"wp:featuredmedia":[{"embeddable":true,"href":"https:\/\/raicesjerezanas.com\/index.php?rest_route=\/wp\/v2\/media\/23070"}],"wp:attachment":[{"href":"https:\/\/raicesjerezanas.com\/index.php?rest_route=%2Fwp%2Fv2%2Fmedia&parent=23069"}],"wp:term":[{"taxonomy":"category","embeddable":true,"href":"https:\/\/raicesjerezanas.com\/index.php?rest_route=%2Fwp%2Fv2%2Fcategories&post=23069"},{"taxonomy":"post_tag","embeddable":true,"href":"https:\/\/raicesjerezanas.com\/index.php?rest_route=%2Fwp%2Fv2%2Ftags&post=23069"}],"curies":[{"name":"wp","href":"https:\/\/api.w.org\/{rel}","templated":true}]}}