{"id":23072,"date":"2023-09-14T22:00:07","date_gmt":"2023-09-15T04:00:07","guid":{"rendered":"https:\/\/enconecte.com\/?p=23072"},"modified":"2023-09-14T22:00:07","modified_gmt":"2023-09-15T04:00:07","slug":"gracias-al-ahorro-en-arrendamiento-de-oficinas-adquirio-el-municipio-nuevos-vehiculos-para-obras-publicas","status":"publish","type":"post","link":"https:\/\/raicesjerezanas.com\/?p=23072","title":{"rendered":"GRACIAS AL AHORRO EN ARRENDAMIENTO DE OFICINAS, ADQUIRI\u00d3 EL MUNICIPIO NUEVOS VEH\u00cdCULOS PARA OBRAS P\u00daBLICAS"},"content":{"rendered":"<p>Como parte del ahorro que el gobierno municipal ha logrado, al dejar de pagar arrendamiento para las oficinas de Obras P\u00fablicas y Desarrollo Econ\u00f3mico y Social, lo que representaba un gasto mensual de 200 mil pesos, se adquirieron dos nuevos veh\u00edculos que se destinar\u00e1n a la supervisi\u00f3n de obras que se realizan en la actual administraci\u00f3n.<\/p>\n<p>En el exterior de las oficinas ubicadas a espaldas del Auditorio Municipal, el alcalde Jos\u00e9 Humberto Salazar Contreras realiz\u00f3 la entrega de las nuevas unidades al director de Obras y Servicios P\u00fablicos Jos\u00e9 Alfredo Mar\u00edn Luna y afirm\u00f3 que este es el reflejo de una administraci\u00f3n austera, en la que se busca hacer m\u00e1s y gastar menos, para fortalecer los servicios que es una obligaci\u00f3n del municipio.<\/p>\n<p>Agreg\u00f3 que, con la reubicaci\u00f3n de las \u00e1reas en inmuebles propios del gobierno municipal, se ha logrado tener un ahorro sustancial y gracias a ello, adquirir estos veh\u00edculos que, dijo, ser\u00e1n para la operatividad de la Direcci\u00f3n de Obras P\u00fablicas, a fin de que se haga la supervisi\u00f3n adecuada de obras, pues tan solo para este a\u00f1o hay m\u00e1s de 100 acciones programadas que necesitan la revisi\u00f3n y el personal encargado, debe de tener las unidades apropiadas para desplazarse.<\/p>\n<p><a href=\"https:\/\/raicesjerezanas.com\/wp-content\/uploads\/2023\/09\/Imagen-de-WhatsApp-2023-09-14-a-las-16.53.36.jpg\"><img loading=\"lazy\" decoding=\"async\" class=\"alignnone size-full wp-image-23074\" src=\"https:\/\/raicesjerezanas.com\/wp-content\/uploads\/2023\/09\/Imagen-de-WhatsApp-2023-09-14-a-las-16.53.36.jpg\" alt=\"\" width=\"1599\" height=\"1066\" srcset=\"https:\/\/raicesjerezanas.com\/wp-content\/uploads\/2023\/09\/Imagen-de-WhatsApp-2023-09-14-a-las-16.53.36.jpg 1599w, https:\/\/raicesjerezanas.com\/wp-content\/uploads\/2023\/09\/Imagen-de-WhatsApp-2023-09-14-a-las-16.53.36-300x200.jpg 300w, https:\/\/raicesjerezanas.com\/wp-content\/uploads\/2023\/09\/Imagen-de-WhatsApp-2023-09-14-a-las-16.53.36-1024x683.jpg 1024w, https:\/\/raicesjerezanas.com\/wp-content\/uploads\/2023\/09\/Imagen-de-WhatsApp-2023-09-14-a-las-16.53.36-768x512.jpg 768w, https:\/\/raicesjerezanas.com\/wp-content\/uploads\/2023\/09\/Imagen-de-WhatsApp-2023-09-14-a-las-16.53.36-1536x1024.jpg 1536w\" sizes=\"auto, (max-width: 1599px) 100vw, 1599px\" \/><\/a><\/p>\n<p>Luego de agradecer el apoyo de parte del presidente municipal, Mar\u00edn Luna destac\u00f3 que los nuevos veh\u00edculos se pondr\u00e1n en funciones de inmediato y servir\u00e1n, adem\u00e1s de la supervisi\u00f3n de obra, para diferentes actividades que se realizan dentro de la subdirecciones de esta \u00e1rea; entre tanto, los otros veh\u00edculos que se estaban utilizando para esta actividad y que alguna vez fueron patrullas se van a asignar a la subdirecci\u00f3n de Servicios P\u00fablicos con el objeto de que desarrolle las m\u00faltiples actividades que tiene pendientes.<\/p>\n<p>En el evento de entrega estuvo presente adem\u00e1s el director del sistema Municipal de Agua Potable y Alcantarillado de Jerez (SIMAPAJ) Marco Antonio Valenzuela Esquivel, as\u00ed como el subdirector de Servicios P\u00fablicos Jaime Mart\u00ednez Sald\u00edvar, al igual que personal administrativo y operativo de\u00a0la\u00a0direcci\u00f3n.<\/p>\n","protected":false},"excerpt":{"rendered":"<div class=\"mh-excerpt\"><p>Como parte del ahorro que el gobierno municipal ha logrado, al dejar de pagar arrendamiento para las oficinas de Obras P\u00fablicas y Desarrollo Econ\u00f3mico y <a class=\"mh-excerpt-more\" href=\"https:\/\/raicesjerezanas.com\/?p=23072\" title=\"GRACIAS AL AHORRO EN ARRENDAMIENTO DE OFICINAS, ADQUIRI\u00d3 EL MUNICIPIO NUEVOS VEH\u00cdCULOS PARA OBRAS P\u00daBLICAS\">&#8230;<\/a><\/p>\n<\/div>","protected":false},"author":1,"featured_media":23073,"comment_status":"closed","ping_status":"closed","sticky":false,"template":"","format":"standard","meta":{"footnotes":""},"categories":[108,102],"tags":[],"class_list":["post-23072","post","type-post","status-publish","format-standard","has-post-thumbnail","hentry","category-exp","category-noticias-de-jerez"],"_links":{"self":[{"href":"https:\/\/raicesjerezanas.com\/index.php?rest_route=\/wp\/v2\/posts\/23072","targetHints":{"allow":["GET"]}}],"collection":[{"href":"https:\/\/raicesjerezanas.com\/index.php?rest_route=\/wp\/v2\/posts"}],"about":[{"href":"https:\/\/raicesjerezanas.com\/index.php?rest_route=\/wp\/v2\/types\/post"}],"author":[{"embeddable":true,"href":"https:\/\/raicesjerezanas.com\/index.php?rest_route=\/wp\/v2\/users\/1"}],"replies":[{"embeddable":true,"href":"https:\/\/raicesjerezanas.com\/index.php?rest_route=%2Fwp%2Fv2%2Fcomments&post=23072"}],"version-history":[{"count":0,"href":"https:\/\/raicesjerezanas.com\/index.php?rest_route=\/wp\/v2\/posts\/23072\/revisions"}],"wp:featuredmedia":[{"embeddable":true,"href":"https:\/\/raicesjerezanas.com\/index.php?rest_route=\/wp\/v2\/media\/23073"}],"wp:attachment":[{"href":"https:\/\/raicesjerezanas.com\/index.php?rest_route=%2Fwp%2Fv2%2Fmedia&parent=23072"}],"wp:term":[{"taxonomy":"category","embeddable":true,"href":"https:\/\/raicesjerezanas.com\/index.php?rest_route=%2Fwp%2Fv2%2Fcategories&post=23072"},{"taxonomy":"post_tag","embeddable":true,"href":"https:\/\/raicesjerezanas.com\/index.php?rest_route=%2Fwp%2Fv2%2Ftags&post=23072"}],"curies":[{"name":"wp","href":"https:\/\/api.w.org\/{rel}","templated":true}]}}