{"id":23113,"date":"2023-08-24T16:28:52","date_gmt":"2023-08-24T22:28:52","guid":{"rendered":"https:\/\/enconecte.com\/?p=22942"},"modified":"2023-08-24T16:28:52","modified_gmt":"2023-08-24T22:28:52","slug":"registro-civil-de-jerez-registro-aumento-servicios-en-el-pasado-periodo-vacacional","status":"publish","type":"post","link":"https:\/\/raicesjerezanas.com\/?p=23113","title":{"rendered":"REGISTRO CIVIL DE JEREZ REGISTR\u00d3 AUMENTO SERVICIOS EN EL PASADO PERIODO VACACIONAL"},"content":{"rendered":"<ul>\n<li>Meses de repunte julio y agosto por vistas de paisanos en Jerez<\/li>\n<\/ul>\n<p>La Oficial\u00eda de Registro Civil del municipio de Jerez, integrante de la actual administraci\u00f3n municipal 2021-2024, informa que durante el reciente periodo vacacional experiment\u00f3 un aumento en la demanda de sus servicios habituales, tal como se hab\u00eda previsto.<\/p>\n<p>En una entrevista con la Lic. Marina Miranda Saldivar, responsable de la Oficial\u00eda del Registro Civil municipal, se destac\u00f3 que durante esta temporada vacacional se observ\u00f3 un incremento ligero en algunos servicios. Por ejemplo, la expedici\u00f3n de actas de nacimiento experiment\u00f3 un aumento de aproximadamente el 10%. Por otro lado, se observ\u00f3 un crecimiento m\u00e1s significativo en otros servicios, como los matrimonios civiles, que registraron un incremento de alrededor del 65%. En cuanto a los tr\u00e1mites de inserci\u00f3n de actas de nacimiento extranjeras, mientras que en periodos normales se realizan en promedio 11 tr\u00e1mites, en lo que va de este mes se han llevado a cabo 54. En relaci\u00f3n al programa \u00abSoy M\u00e9xico\u00bb para la gesti\u00f3n de doble nacionalidad, se han incrementado a 40 los tr\u00e1mites en proceso.<\/p>\n<p>La funcionaria tambi\u00e9n mencion\u00f3 que el equipo de Registro Civil est\u00e1 preparado para brindar los servicios necesarios en el inicio del ciclo escolar 2023-2024. Durante los meses de agosto y septiembre, es com\u00fan que haya un aumento en la expedici\u00f3n de actas debido a la temporada escolar. Adem\u00e1s, la titular del Registro Civil contin\u00faa invitando a la ciudadan\u00eda a aprovechar los servicios disponibles y pone a disposici\u00f3n la l\u00ednea de atenci\u00f3n v\u00eda WhatsApp en el n\u00famero 4941123902, para cualquier consulta o aclaraci\u00f3n relacionada con esta \u00e1rea. El horario de atenci\u00f3n es de lunes a viernes, de 8:00\u00a0a\u00a015:00\u00a0horas.<\/p>\n","protected":false},"excerpt":{"rendered":"<div class=\"mh-excerpt\"><p>Meses de repunte julio y agosto por vistas de paisanos en Jerez La Oficial\u00eda de Registro Civil del municipio de Jerez, integrante de la actual <a class=\"mh-excerpt-more\" href=\"https:\/\/raicesjerezanas.com\/?p=23113\" title=\"REGISTRO CIVIL DE JEREZ REGISTR\u00d3 AUMENTO SERVICIOS EN EL PASADO PERIODO VACACIONAL\">&#8230;<\/a><\/p>\n<\/div>","protected":false},"author":1,"featured_media":22950,"comment_status":"closed","ping_status":"closed","sticky":false,"template":"","format":"standard","meta":{"footnotes":""},"categories":[108,102],"tags":[],"class_list":["post-23113","post","type-post","status-publish","format-standard","has-post-thumbnail","hentry","category-exp","category-noticias-de-jerez"],"_links":{"self":[{"href":"https:\/\/raicesjerezanas.com\/index.php?rest_route=\/wp\/v2\/posts\/23113","targetHints":{"allow":["GET"]}}],"collection":[{"href":"https:\/\/raicesjerezanas.com\/index.php?rest_route=\/wp\/v2\/posts"}],"about":[{"href":"https:\/\/raicesjerezanas.com\/index.php?rest_route=\/wp\/v2\/types\/post"}],"author":[{"embeddable":true,"href":"https:\/\/raicesjerezanas.com\/index.php?rest_route=\/wp\/v2\/users\/1"}],"replies":[{"embeddable":true,"href":"https:\/\/raicesjerezanas.com\/index.php?rest_route=%2Fwp%2Fv2%2Fcomments&post=23113"}],"version-history":[{"count":0,"href":"https:\/\/raicesjerezanas.com\/index.php?rest_route=\/wp\/v2\/posts\/23113\/revisions"}],"wp:featuredmedia":[{"embeddable":true,"href":"https:\/\/raicesjerezanas.com\/index.php?rest_route=\/wp\/v2\/media\/22950"}],"wp:attachment":[{"href":"https:\/\/raicesjerezanas.com\/index.php?rest_route=%2Fwp%2Fv2%2Fmedia&parent=23113"}],"wp:term":[{"taxonomy":"category","embeddable":true,"href":"https:\/\/raicesjerezanas.com\/index.php?rest_route=%2Fwp%2Fv2%2Fcategories&post=23113"},{"taxonomy":"post_tag","embeddable":true,"href":"https:\/\/raicesjerezanas.com\/index.php?rest_route=%2Fwp%2Fv2%2Ftags&post=23113"}],"curies":[{"name":"wp","href":"https:\/\/api.w.org\/{rel}","templated":true}]}}