{"id":23115,"date":"2023-08-24T16:31:28","date_gmt":"2023-08-24T22:31:28","guid":{"rendered":"https:\/\/enconecte.com\/?p=22946"},"modified":"2023-08-24T16:31:28","modified_gmt":"2023-08-24T22:31:28","slug":"dif-jerez-muestra-el-talento-de-los-adultos-mayores-en-su-semana-de-festejos","status":"publish","type":"post","link":"https:\/\/raicesjerezanas.com\/?p=23115","title":{"rendered":"DIF JEREZ MUESTRA EL TALENTO DE LOS ADULTOS MAYORES EN SU SEMANA DE FESTEJOS"},"content":{"rendered":"<p>Con una entusiasta presentaci\u00f3n art\u00edstica que dio seguimiento a las actividades por la Semana del Adulto Mayor, el DIF Jerez brind\u00f3 espacio a los Clubes de la Tercera Edad para demostrar sus talentos y convivir de forma amena.<\/p>\n<p>La presidenta honor\u00edfica del Sistema Municipal, Bertha Alicia Garc\u00eda Duarte, se expres\u00f3 contenta de ser parte de la celebraci\u00f3n de quienes describi\u00f3 como sabios, agradeciendo su destacada y entusiasta participaci\u00f3n en cada evento al que son invitados.<\/p>\n<p>Confirm\u00f3 acompa\u00f1ada de la directora del organismo, Jessica Cuevas Cuevas, que los adultos mayores son pilar de la administraci\u00f3n del alcalde Jos\u00e9 Humberto Salazar contreras, a la vez que son uno de los motivo por el cual el equipo DIF se esfuerza d\u00eda a d\u00eda en dar lo mejor.<\/p>\n<p>En presencia de la titular de la Jefatura de Servicios adem\u00e1s de representante del INAPAM Jerez, Luz Olivia S\u00e1nchez Bonilla, los Clubes de la Tercera Edad hicieron gala de sus habilidades principalmente en el baile con las presentaciones de La boda del huitlacoche, La danza de los viejitos, El ladr\u00f3n, Los p\u00e1jaros azules y Juana la cubana.<\/p>\n<p>El cierre con broche de oro para los espect\u00e1culos art\u00edsticos, estuvo a cargo de la bailarina profesional F\u00e1tima Amor Ramos Ju\u00e1rez, quien al ritmo del Jazz Dance provoc\u00f3 la emoci\u00f3n de los asistentes.<\/p>\n<p>No faltaron din\u00e1micas de juego para estimular la activaci\u00f3n f\u00edsica de los abuelitos, como la b\u00fasqueda del tesoro, adem\u00e1s de un convivio en el que prevaleci\u00f3 un ambiente de alegr\u00eda y regocijo, al que tambi\u00e9n asistieron las candidatas a reina INAPAM 2023 y la representante de la edici\u00f3n\u00a02022,\u00a0Martha\u00a0I.<\/p>\n<p><a href=\"https:\/\/raicesjerezanas.com\/wp-content\/uploads\/2023\/08\/Imagen-de-WhatsApp-202d3-08-24-a-las-15.26.23.jpg\"><img loading=\"lazy\" decoding=\"async\" class=\"alignnone wp-image-22947 size-full\" src=\"https:\/\/raicesjerezanas.com\/wp-content\/uploads\/2023\/08\/Imagen-de-WhatsApp-202d3-08-24-a-las-15.26.23.jpg\" alt=\"\" width=\"1600\" height=\"1066\" \/><\/a><\/p>\n","protected":false},"excerpt":{"rendered":"<div class=\"mh-excerpt\"><p>Con una entusiasta presentaci\u00f3n art\u00edstica que dio seguimiento a las actividades por la Semana del Adulto Mayor, el DIF Jerez brind\u00f3 espacio a los Clubes <a class=\"mh-excerpt-more\" href=\"https:\/\/raicesjerezanas.com\/?p=23115\" title=\"DIF JEREZ MUESTRA EL TALENTO DE LOS ADULTOS MAYORES EN SU SEMANA DE FESTEJOS\">&#8230;<\/a><\/p>\n<\/div>","protected":false},"author":1,"featured_media":22953,"comment_status":"closed","ping_status":"closed","sticky":false,"template":"","format":"standard","meta":{"footnotes":""},"categories":[108,102],"tags":[],"class_list":["post-23115","post","type-post","status-publish","format-standard","has-post-thumbnail","hentry","category-exp","category-noticias-de-jerez"],"_links":{"self":[{"href":"https:\/\/raicesjerezanas.com\/index.php?rest_route=\/wp\/v2\/posts\/23115","targetHints":{"allow":["GET"]}}],"collection":[{"href":"https:\/\/raicesjerezanas.com\/index.php?rest_route=\/wp\/v2\/posts"}],"about":[{"href":"https:\/\/raicesjerezanas.com\/index.php?rest_route=\/wp\/v2\/types\/post"}],"author":[{"embeddable":true,"href":"https:\/\/raicesjerezanas.com\/index.php?rest_route=\/wp\/v2\/users\/1"}],"replies":[{"embeddable":true,"href":"https:\/\/raicesjerezanas.com\/index.php?rest_route=%2Fwp%2Fv2%2Fcomments&post=23115"}],"version-history":[{"count":0,"href":"https:\/\/raicesjerezanas.com\/index.php?rest_route=\/wp\/v2\/posts\/23115\/revisions"}],"wp:featuredmedia":[{"embeddable":true,"href":"https:\/\/raicesjerezanas.com\/index.php?rest_route=\/wp\/v2\/media\/22953"}],"wp:attachment":[{"href":"https:\/\/raicesjerezanas.com\/index.php?rest_route=%2Fwp%2Fv2%2Fmedia&parent=23115"}],"wp:term":[{"taxonomy":"category","embeddable":true,"href":"https:\/\/raicesjerezanas.com\/index.php?rest_route=%2Fwp%2Fv2%2Fcategories&post=23115"},{"taxonomy":"post_tag","embeddable":true,"href":"https:\/\/raicesjerezanas.com\/index.php?rest_route=%2Fwp%2Fv2%2Ftags&post=23115"}],"curies":[{"name":"wp","href":"https:\/\/api.w.org\/{rel}","templated":true}]}}