{"id":23116,"date":"2023-08-24T16:33:01","date_gmt":"2023-08-24T22:33:01","guid":{"rendered":"https:\/\/enconecte.com\/?p=22949"},"modified":"2023-08-24T16:33:01","modified_gmt":"2023-08-24T22:33:01","slug":"cierre-temporal-de-la-oficina-de-predial-por-motivos-de-rehabilitacion-de-infraestructura-de-red","status":"publish","type":"post","link":"https:\/\/raicesjerezanas.com\/?p=23116","title":{"rendered":"CIERRE TEMPORAL DE LA OFICINA DE PREDIAL POR MOTIVOS DE REHABILITACI\u00d3N DE INFRAESTRUCTURA DE RED"},"content":{"rendered":"<p>La Tesorer\u00eda Municipal de Jerez se informa a la ciudadan\u00eda sobre una importante actualizaci\u00f3n en relaci\u00f3n a sus servicios. Con el objetivo de mejorar y optimizar sus sistemas, se llevar\u00e1 a cabo una rehabilitaci\u00f3n integral de la infraestructura de red en sus instalaciones.<\/p>\n<p>En este sentido, se notifica que la oficina de predial permanecer\u00e1 cerrada durante los d\u00edas 28, 29 y 30 de agosto de 2023. Dado que el predial es un tr\u00e1mite esencial para los ciudadanos, se han tomado medidas para asegurar de que la interrupci\u00f3n en estos servicios sea lo menos notoria posible. Durante los d\u00edas de cierre, se ha habilitado una caja externa en las oficinas de Recursos Humanos. Esta caja estar\u00e1 disponible en horario de atenci\u00f3n habitual y ser\u00e1 atendida por personal capacitado que brindar\u00e1 asistencia y orientaci\u00f3n en los tr\u00e1mites relacionados con el predial.<\/p>\n<p>\u201cAgradecemos de antemano su comprensi\u00f3n y paciencia mientras llevamos a cabo estas mejoras en nuestras instalaciones. Estamos comprometidos en proporcionar un servicio de calidad y esta actualizaci\u00f3n nos permitir\u00e1 lograrlo de manera m\u00e1s efectiva\u201d, coment\u00f3 Uriel Espinoza, encargado\u00a0de\u00a0Predial.<\/p>\n","protected":false},"excerpt":{"rendered":"<div class=\"mh-excerpt\"><p>La Tesorer\u00eda Municipal de Jerez se informa a la ciudadan\u00eda sobre una importante actualizaci\u00f3n en relaci\u00f3n a sus servicios. Con el objetivo de mejorar y <a class=\"mh-excerpt-more\" href=\"https:\/\/raicesjerezanas.com\/?p=23116\" title=\"CIERRE TEMPORAL DE LA OFICINA DE PREDIAL POR MOTIVOS DE REHABILITACI\u00d3N DE INFRAESTRUCTURA DE RED\">&#8230;<\/a><\/p>\n<\/div>","protected":false},"author":1,"featured_media":22954,"comment_status":"closed","ping_status":"closed","sticky":false,"template":"","format":"standard","meta":{"footnotes":""},"categories":[108,102],"tags":[],"class_list":["post-23116","post","type-post","status-publish","format-standard","has-post-thumbnail","hentry","category-exp","category-noticias-de-jerez"],"_links":{"self":[{"href":"https:\/\/raicesjerezanas.com\/index.php?rest_route=\/wp\/v2\/posts\/23116","targetHints":{"allow":["GET"]}}],"collection":[{"href":"https:\/\/raicesjerezanas.com\/index.php?rest_route=\/wp\/v2\/posts"}],"about":[{"href":"https:\/\/raicesjerezanas.com\/index.php?rest_route=\/wp\/v2\/types\/post"}],"author":[{"embeddable":true,"href":"https:\/\/raicesjerezanas.com\/index.php?rest_route=\/wp\/v2\/users\/1"}],"replies":[{"embeddable":true,"href":"https:\/\/raicesjerezanas.com\/index.php?rest_route=%2Fwp%2Fv2%2Fcomments&post=23116"}],"version-history":[{"count":0,"href":"https:\/\/raicesjerezanas.com\/index.php?rest_route=\/wp\/v2\/posts\/23116\/revisions"}],"wp:featuredmedia":[{"embeddable":true,"href":"https:\/\/raicesjerezanas.com\/index.php?rest_route=\/wp\/v2\/media\/22954"}],"wp:attachment":[{"href":"https:\/\/raicesjerezanas.com\/index.php?rest_route=%2Fwp%2Fv2%2Fmedia&parent=23116"}],"wp:term":[{"taxonomy":"category","embeddable":true,"href":"https:\/\/raicesjerezanas.com\/index.php?rest_route=%2Fwp%2Fv2%2Fcategories&post=23116"},{"taxonomy":"post_tag","embeddable":true,"href":"https:\/\/raicesjerezanas.com\/index.php?rest_route=%2Fwp%2Fv2%2Ftags&post=23116"}],"curies":[{"name":"wp","href":"https:\/\/api.w.org\/{rel}","templated":true}]}}