{"id":23117,"date":"2023-08-25T16:36:25","date_gmt":"2023-08-25T22:36:25","guid":{"rendered":"https:\/\/enconecte.com\/?p=22951"},"modified":"2023-08-25T16:36:25","modified_gmt":"2023-08-25T22:36:25","slug":"las-jornadas-quirurgicas-de-la-vista-una-muestra-de-que-la-unidad-genera-mejores-resultados-salazar","status":"publish","type":"post","link":"https:\/\/raicesjerezanas.com\/?p=23117","title":{"rendered":"LAS JORNADAS QUIR\u00daRGICAS DE LA VISTA UNA MUESTRA DE QUE LA UNIDAD GENERA MEJORES RESULTADOS: SALAZAR"},"content":{"rendered":"<ul>\n<li>Inici\u00f3 la cirug\u00eda de cataratas impulsada por el Club de Leones Ram\u00f3n L\u00f3pez Velarde, con el apoyo de Cl\u00ednica Cielo Vista, el Ayuntamiento y DIF municipal<\/li>\n<\/ul>\n<div>En el inicio de la XXIII Jornada de Cirug\u00edas de la vista, impulsada por el Club de Leones Jerez L\u00f3pez Velarde, Jos\u00e9 Humberto Salazar Contreras consider\u00f3 que esta es una demostraci\u00f3n muy clara de que cuando se unen fuerzas, se obtienen mejores resultados. En este caso, destac\u00f3 el trabajo conjunto del organismo social, la iniciativa privada representada por la Cl\u00ednica Cielo Vista, adem\u00e1s del Ayuntamiento y el DIF municipal.<\/div>\n<div><\/div>\n<div>El alcalde y su esposa, la presidenta honor\u00edfica del DIF, Bertha Alicia Garc\u00eda Duarte, llevaron a cabo el corte del list\u00f3n inaugural. Los acompa\u00f1aron el gobernador del distrito B-4, Jorge P\u00e9rez Contreras, su hija M\u00f3nica P\u00e9rez Ortiz, directora distrital del Comit\u00e9 de Damas Leonas, as\u00ed como los fundadores de la Asociaci\u00f3n contra la Ceguera, Mar\u00eda L\u00f3pez Vitol\u00e1s y Jes\u00fas Rodr\u00edguez Pinedo. Tambi\u00e9n estuvieron presentes los integrantes del club anfitri\u00f3n, encabezados por su presidente, Pedro Vald\u00e9s Romo.<\/div>\n<div><\/div>\n<div>La doctora L\u00f3pez Vitol\u00e1s resalt\u00f3 que uno de los objetivos del leonismo a nivel internacional es la prevenci\u00f3n de la ceguera. En el caso de las cataratas, una cirug\u00eda permite revertir la ceguera, brindando a las personas la oportunidad de reintegrarse a la sociedad y ser \u00fatiles. Subray\u00f3 la importancia de esta oportunidad para aquellos en situaci\u00f3n de necesidad y expres\u00f3 su gratitud por poder prevenir la ceguera al abordar cataratas y operaciones de pterigiones.<\/div>\n<div><\/div>\n<div>El doctor Salazar reiter\u00f3 su reconocimiento y agradecimiento al Club de Leones de Jerez por esta labor, que beneficia especialmente a personas vulnerables con recursos econ\u00f3micos limitados para afrontar una cirug\u00eda costosa.<\/div>\n<div><\/div>\n<div><a href=\"https:\/\/raicesjerezanas.com\/wp-content\/uploads\/2023\/08\/Imagen-de-WhatsApp-2023-08-25-a-las-07.51.16.jpg\"><img loading=\"lazy\" decoding=\"async\" class=\"alignnone wp-image-22952 size-full\" src=\"https:\/\/raicesjerezanas.com\/wp-content\/uploads\/2023\/08\/Imagen-de-WhatsApp-2023-08-25-a-las-07.51.16.jpg\" alt=\"\" width=\"1599\" height=\"1066\" \/><\/a><\/div>\n<div><\/div>\n<div>Por su parte, el presidente del club, Pedro Vald\u00e9s Romo, agradeci\u00f3 al alcalde y su esposa por el apoyo brindado a la ciudadan\u00eda que lo requiere. Dio la bienvenida a la autoridad distrital y destac\u00f3 el compromiso de su directiva y miembros del club que respaldan la causa. En particular, enfatiz\u00f3 la contribuci\u00f3n fundamental de Jes\u00fas Rodr\u00edguez Pinedo y Mar\u00eda L\u00f3pez Vitol\u00e1s en la realizaci\u00f3n de esta actividad.<\/div>\n<div><\/div>\n<div>La Jornada quir\u00fargica comenz\u00f3 el jueves y continuar\u00e1 hasta el s\u00e1bado, con la colaboraci\u00f3n de un amplio equipo de voluntarios, incluyendo m\u00e9dicos, enfermeras, leos, cachorros y otras personas involucradas en la actividad. Las doctoras Jessica Rodr\u00edguez L\u00f3pez e Isabel Obret Mendive son las especialistas invitadas en esta ocasi\u00f3n.<\/div>\n","protected":false},"excerpt":{"rendered":"<div class=\"mh-excerpt\"><p>Inici\u00f3 la cirug\u00eda de cataratas impulsada por el Club de Leones Ram\u00f3n L\u00f3pez Velarde, con el apoyo de Cl\u00ednica Cielo Vista, el Ayuntamiento y DIF <a class=\"mh-excerpt-more\" href=\"https:\/\/raicesjerezanas.com\/?p=23117\" title=\"LAS JORNADAS QUIR\u00daRGICAS DE LA VISTA UNA MUESTRA DE QUE LA UNIDAD GENERA MEJORES RESULTADOS: SALAZAR\">&#8230;<\/a><\/p>\n<\/div>","protected":false},"author":1,"featured_media":22956,"comment_status":"closed","ping_status":"closed","sticky":false,"template":"","format":"standard","meta":{"footnotes":""},"categories":[108,102],"tags":[],"class_list":["post-23117","post","type-post","status-publish","format-standard","has-post-thumbnail","hentry","category-exp","category-noticias-de-jerez"],"_links":{"self":[{"href":"https:\/\/raicesjerezanas.com\/index.php?rest_route=\/wp\/v2\/posts\/23117","targetHints":{"allow":["GET"]}}],"collection":[{"href":"https:\/\/raicesjerezanas.com\/index.php?rest_route=\/wp\/v2\/posts"}],"about":[{"href":"https:\/\/raicesjerezanas.com\/index.php?rest_route=\/wp\/v2\/types\/post"}],"author":[{"embeddable":true,"href":"https:\/\/raicesjerezanas.com\/index.php?rest_route=\/wp\/v2\/users\/1"}],"replies":[{"embeddable":true,"href":"https:\/\/raicesjerezanas.com\/index.php?rest_route=%2Fwp%2Fv2%2Fcomments&post=23117"}],"version-history":[{"count":0,"href":"https:\/\/raicesjerezanas.com\/index.php?rest_route=\/wp\/v2\/posts\/23117\/revisions"}],"wp:featuredmedia":[{"embeddable":true,"href":"https:\/\/raicesjerezanas.com\/index.php?rest_route=\/wp\/v2\/media\/22956"}],"wp:attachment":[{"href":"https:\/\/raicesjerezanas.com\/index.php?rest_route=%2Fwp%2Fv2%2Fmedia&parent=23117"}],"wp:term":[{"taxonomy":"category","embeddable":true,"href":"https:\/\/raicesjerezanas.com\/index.php?rest_route=%2Fwp%2Fv2%2Fcategories&post=23117"},{"taxonomy":"post_tag","embeddable":true,"href":"https:\/\/raicesjerezanas.com\/index.php?rest_route=%2Fwp%2Fv2%2Ftags&post=23117"}],"curies":[{"name":"wp","href":"https:\/\/api.w.org\/{rel}","templated":true}]}}