{"id":23118,"date":"2023-08-25T16:38:52","date_gmt":"2023-08-25T22:38:52","guid":{"rendered":"https:\/\/enconecte.com\/?p=22954"},"modified":"2023-08-25T16:38:52","modified_gmt":"2023-08-25T22:38:52","slug":"dif-jerez-entrega-apoyos-visuales-a-100-adultos-mayores","status":"publish","type":"post","link":"https:\/\/raicesjerezanas.com\/?p=23118","title":{"rendered":"DIF JEREZ ENTREGA APOYOS VISUALES A 100 ADULTOS MAYORES"},"content":{"rendered":"<p>Sumando a la salud y calidad de vida de las personas de la tercera edad, el DIF Jerez y el alcalde Jos\u00e9 Humberto Salazar Contreras, en conjunto con \u00d3ptica Proyecta, les hicieron entrega de 100 apoyos visuales dentro de las actividades por la Semana del Adulto Mayor.<\/p>\n<p>El mandatario municipal, agradeci\u00f3 a quienes se han entregado a Jerez y a sus familias, y se han encargado de la formaci\u00f3n en valores de sus seres queridos, representado una escuela para las generaciones presentes y futuras.<\/p>\n<p>Resalt\u00f3 que llegada la madurez es complejo mantener una calidad ocular, por lo cual se vuelve b\u00e1sico el apoyo en este aspecto, motivo por el que agradeci\u00f3 al DIF el mantener esfuerzos en respaldar visualmente a la poblaci\u00f3n, garantizando que continuar\u00e1 el trabajo unido para proveer de una vida m\u00e1s plena a los abuelos jerezanos.<\/p>\n<p>La presidenta honor\u00edfica del DIF, Bertha Alicia Garc\u00eda Duarte, refrend\u00f3 que son prioridad para la actual administraci\u00f3n y para el DIF, a la par que los felicit\u00f3 por el entusiasmo y talento que han demostrado en cada evento de festejo por la Semana del Adulto Mayor.<\/p>\n<p><a href=\"https:\/\/raicesjerezanas.com\/wp-content\/uploads\/2023\/08\/Imagen-de-WhatsApp-2023-08-25-a-las-14.46.59.jpg\"><img loading=\"lazy\" decoding=\"async\" class=\"alignnone wp-image-22955 size-full\" src=\"https:\/\/raicesjerezanas.com\/wp-content\/uploads\/2023\/08\/Imagen-de-WhatsApp-2023-08-25-a-las-14.46.59.jpg\" alt=\"\" width=\"1600\" height=\"1066\" \/><\/a><\/p>\n<p>La directora del Sistema, Jessica Cuevas Cuevas, tambi\u00e9n destac\u00f3 la nutrida participaci\u00f3n de los abuelitos en dicha Semana, reiterando que cada actividad ha sido planeada para brindarles momentos amenos.<\/p>\n<p>Es as\u00ed como los beneficiarios recibieron lentes con distintas graduaciones y adaptaciones a sus necesidades particulares, en presencia de la titular de la Jefatura de Servicios del DIF y representante del INAPAM Jerez, Luz Olivia S\u00e1nchez Bonilla, y la directora de \u00d3ptica Proyecta, Lorena Elizabeth Zamora\u00a0Viramontes.<\/p>\n","protected":false},"excerpt":{"rendered":"<div class=\"mh-excerpt\"><p>Sumando a la salud y calidad de vida de las personas de la tercera edad, el DIF Jerez y el alcalde Jos\u00e9 Humberto Salazar Contreras, <a class=\"mh-excerpt-more\" href=\"https:\/\/raicesjerezanas.com\/?p=23118\" title=\"DIF JEREZ ENTREGA APOYOS VISUALES A 100 ADULTOS MAYORES\">&#8230;<\/a><\/p>\n<\/div>","protected":false},"author":1,"featured_media":22958,"comment_status":"closed","ping_status":"closed","sticky":false,"template":"","format":"standard","meta":{"footnotes":""},"categories":[108,102],"tags":[],"class_list":["post-23118","post","type-post","status-publish","format-standard","has-post-thumbnail","hentry","category-exp","category-noticias-de-jerez"],"_links":{"self":[{"href":"https:\/\/raicesjerezanas.com\/index.php?rest_route=\/wp\/v2\/posts\/23118","targetHints":{"allow":["GET"]}}],"collection":[{"href":"https:\/\/raicesjerezanas.com\/index.php?rest_route=\/wp\/v2\/posts"}],"about":[{"href":"https:\/\/raicesjerezanas.com\/index.php?rest_route=\/wp\/v2\/types\/post"}],"author":[{"embeddable":true,"href":"https:\/\/raicesjerezanas.com\/index.php?rest_route=\/wp\/v2\/users\/1"}],"replies":[{"embeddable":true,"href":"https:\/\/raicesjerezanas.com\/index.php?rest_route=%2Fwp%2Fv2%2Fcomments&post=23118"}],"version-history":[{"count":0,"href":"https:\/\/raicesjerezanas.com\/index.php?rest_route=\/wp\/v2\/posts\/23118\/revisions"}],"wp:featuredmedia":[{"embeddable":true,"href":"https:\/\/raicesjerezanas.com\/index.php?rest_route=\/wp\/v2\/media\/22958"}],"wp:attachment":[{"href":"https:\/\/raicesjerezanas.com\/index.php?rest_route=%2Fwp%2Fv2%2Fmedia&parent=23118"}],"wp:term":[{"taxonomy":"category","embeddable":true,"href":"https:\/\/raicesjerezanas.com\/index.php?rest_route=%2Fwp%2Fv2%2Fcategories&post=23118"},{"taxonomy":"post_tag","embeddable":true,"href":"https:\/\/raicesjerezanas.com\/index.php?rest_route=%2Fwp%2Fv2%2Ftags&post=23118"}],"curies":[{"name":"wp","href":"https:\/\/api.w.org\/{rel}","templated":true}]}}