{"id":23125,"date":"2023-09-24T12:26:09","date_gmt":"2023-09-24T18:26:09","guid":{"rendered":"https:\/\/raicesjerezanas.com\/?p=23125"},"modified":"2023-09-28T12:28:14","modified_gmt":"2023-09-28T18:28:14","slug":"concluye-el-torneo-municipal-de-raquetbol-un-deporte-que-continua-creciendo-en-jerez","status":"publish","type":"post","link":"https:\/\/raicesjerezanas.com\/?p=23125","title":{"rendered":"CONCLUYE EL TORNEO MUNICIPAL DE RAQUETBOL, UN DEPORTE QUE CONTIN\u00daA CRECIENDO EN JEREZ"},"content":{"rendered":"<p>Anuncian la incorporaci\u00f3n de la categor\u00eda infantil, por vez primera a partir del siguiente torneo<\/p>\n<p>La Liga Municipal de R\u00e1quetbol llev\u00f3 a cabo la final del torneo local. El coordinador municipal del deporte, Armando Qui\u00f1ones Ortiz, en representaci\u00f3n del alcalde Jos\u00e9 Humberto Salazar Contreras, encabez\u00f3 la ceremonia de premiaci\u00f3n de este deporte que ha experimentado un significativo desarrollo en los \u00faltimos a\u00f1os y que en la actual administraci\u00f3n recibe el respaldo necesario para continuar creciendo.<\/p>\n<p>En total, 16 jugadores de diversas edades participaron en la competencia, que se desarroll\u00f3 a lo largo de 10 jornadas en las canchas de la Unidad Deportiva. El ambiente fue familiar y de compa\u00f1erismo, y se llevaron a cabo emocionantes juegos en las categor\u00edas de dobles mixtos, dobles varonil y singles durante la gran final.<\/p>\n<p>En el transcurso de la ceremonia, el presidente de la liga, Eduardo Rom\u00e1n, mencion\u00f3 que uno de los objetivos es brindar experiencia a los j\u00f3venes que compiten a niveles superiores. Hace dos semanas, algunos de ellos participaron en una competencia en San Luis Potos\u00ed, llegando hasta los cuartos de final. Adem\u00e1s, se trabaja en la formaci\u00f3n de nuevas generaciones, y despu\u00e9s de un reciente curso de verano, seis j\u00f3venes contin\u00faan entrenando dos veces por semana. Eduardo Rom\u00e1n tambi\u00e9n anunci\u00f3 que en la pr\u00f3xima competencia municipal se introducir\u00e1 por primera vez la categor\u00eda infantil.<\/p>\n<p>El presidente de la liga agradeci\u00f3 el apoyo del gobierno municipal y del titular del comit\u00e9 del deporte, destacando que siempre han respondido positivamente a las solicitudes de apoyo. En este sentido, se est\u00e1 planificando un proyecto conjunto a realizarse en el mes de noviembre.<\/p>\n<p><img loading=\"lazy\" decoding=\"async\" class=\"alignnone wp-image-23126 size-large\" src=\"https:\/\/raicesjerezanas.com\/wp-content\/uploads\/2023\/09\/Imagen-de-WhatsApp-2023-09-24-a-las-16.09.30-1024x768.jpg\" alt=\"\" width=\"1024\" height=\"768\" srcset=\"https:\/\/raicesjerezanas.com\/wp-content\/uploads\/2023\/09\/Imagen-de-WhatsApp-2023-09-24-a-las-16.09.30-1024x768.jpg 1024w, https:\/\/raicesjerezanas.com\/wp-content\/uploads\/2023\/09\/Imagen-de-WhatsApp-2023-09-24-a-las-16.09.30-300x225.jpg 300w, https:\/\/raicesjerezanas.com\/wp-content\/uploads\/2023\/09\/Imagen-de-WhatsApp-2023-09-24-a-las-16.09.30-768x576.jpg 768w, https:\/\/raicesjerezanas.com\/wp-content\/uploads\/2023\/09\/Imagen-de-WhatsApp-2023-09-24-a-las-16.09.30-1536x1152.jpg 1536w, https:\/\/raicesjerezanas.com\/wp-content\/uploads\/2023\/09\/Imagen-de-WhatsApp-2023-09-24-a-las-16.09.30-678x509.jpg 678w, https:\/\/raicesjerezanas.com\/wp-content\/uploads\/2023\/09\/Imagen-de-WhatsApp-2023-09-24-a-las-16.09.30-326x245.jpg 326w, https:\/\/raicesjerezanas.com\/wp-content\/uploads\/2023\/09\/Imagen-de-WhatsApp-2023-09-24-a-las-16.09.30-80x60.jpg 80w, https:\/\/raicesjerezanas.com\/wp-content\/uploads\/2023\/09\/Imagen-de-WhatsApp-2023-09-24-a-las-16.09.30.jpg 1600w\" sizes=\"auto, (max-width: 1024px) 100vw, 1024px\" \/><\/p>\n<p>Por su parte, Armando Qui\u00f1ones Ortiz reconoci\u00f3 el talento existente en Jerez dentro de esta disciplina deportiva y desde su posici\u00f3n como coordinador municipal del deporte, se comprometi\u00f3 a seguir brindando apoyo a los deportistas locales a trav\u00e9s de diversas iniciativas.<\/p>\n<p>Los resultados finales de la competencia fueron los siguientes:<\/p>\n<p>En la categor\u00eda de dobles mixtos, los campeones fueron Eduardo Rom\u00e1n y Marielena Ram\u00edrez, seguidos por Nazareth Escamilla y Jes\u00fas Ram\u00edrez en segundo lugar, y Mario Escamilla y su hija Fernanda Escamilla en tercer lugar.<\/p>\n<p>En la categor\u00eda de dobles varonil, el primer lugar fue para Eduardo Rom\u00e1n, quien hizo pareja con Rub\u00e9n G\u00f3mez en un emocionante encuentro contra Jes\u00fas Ram\u00edrez y Diego Rom\u00e1n, quienes ocuparon el segundo lugar. El tercer lugar lo obtuvo Mario Escamilla y Andr\u00e9s Aparicio.<\/p>\n<p>En la competencia individual, Eduardo Rom\u00e1n se coron\u00f3 campe\u00f3n, mientras que el segundo lugar fue para Daniel Ortiz y el tercer lugar para\u00a0Diego\u00a0Rom\u00e1n.<\/p>\n","protected":false},"excerpt":{"rendered":"<div class=\"mh-excerpt\"><p>Anuncian la incorporaci\u00f3n de la categor\u00eda infantil, por vez primera a partir del siguiente torneo La Liga Municipal de R\u00e1quetbol llev\u00f3 a cabo la final <a class=\"mh-excerpt-more\" href=\"https:\/\/raicesjerezanas.com\/?p=23125\" title=\"CONCLUYE EL TORNEO MUNICIPAL DE RAQUETBOL, UN DEPORTE QUE CONTIN\u00daA CRECIENDO EN JEREZ\">&#8230;<\/a><\/p>\n<\/div>","protected":false},"author":1,"featured_media":23126,"comment_status":"open","ping_status":"closed","sticky":false,"template":"","format":"standard","meta":{"footnotes":""},"categories":[1],"tags":[],"class_list":["post-23125","post","type-post","status-publish","format-standard","has-post-thumbnail","hentry","category-uncategorized"],"_links":{"self":[{"href":"https:\/\/raicesjerezanas.com\/index.php?rest_route=\/wp\/v2\/posts\/23125","targetHints":{"allow":["GET"]}}],"collection":[{"href":"https:\/\/raicesjerezanas.com\/index.php?rest_route=\/wp\/v2\/posts"}],"about":[{"href":"https:\/\/raicesjerezanas.com\/index.php?rest_route=\/wp\/v2\/types\/post"}],"author":[{"embeddable":true,"href":"https:\/\/raicesjerezanas.com\/index.php?rest_route=\/wp\/v2\/users\/1"}],"replies":[{"embeddable":true,"href":"https:\/\/raicesjerezanas.com\/index.php?rest_route=%2Fwp%2Fv2%2Fcomments&post=23125"}],"version-history":[{"count":0,"href":"https:\/\/raicesjerezanas.com\/index.php?rest_route=\/wp\/v2\/posts\/23125\/revisions"}],"wp:featuredmedia":[{"embeddable":true,"href":"https:\/\/raicesjerezanas.com\/index.php?rest_route=\/wp\/v2\/media\/23126"}],"wp:attachment":[{"href":"https:\/\/raicesjerezanas.com\/index.php?rest_route=%2Fwp%2Fv2%2Fmedia&parent=23125"}],"wp:term":[{"taxonomy":"category","embeddable":true,"href":"https:\/\/raicesjerezanas.com\/index.php?rest_route=%2Fwp%2Fv2%2Fcategories&post=23125"},{"taxonomy":"post_tag","embeddable":true,"href":"https:\/\/raicesjerezanas.com\/index.php?rest_route=%2Fwp%2Fv2%2Ftags&post=23125"}],"curies":[{"name":"wp","href":"https:\/\/api.w.org\/{rel}","templated":true}]}}