{"id":23128,"date":"2023-09-25T12:28:22","date_gmt":"2023-09-25T18:28:22","guid":{"rendered":"https:\/\/raicesjerezanas.com\/?p=23128"},"modified":"2023-09-28T12:29:43","modified_gmt":"2023-09-28T18:29:43","slug":"recibe-jerez-la-estafeta-contra-el-cancer","status":"publish","type":"post","link":"https:\/\/raicesjerezanas.com\/?p=23128","title":{"rendered":"RECIBE JEREZ LA ESTAFETA CONTRA EL C\u00c1NCER"},"content":{"rendered":"<p>El pr\u00f3ximo jueves 28 de septiembre, la ciudad de Jerez recibir\u00e1 la visita de los motociclistas que participan en la Estafeta contra el C\u00e1ncer, una campa\u00f1a solidaria que busca recaudar fondos para apoyar a las organizaciones que luchan contra esta enfermedad en todo el pa\u00eds.<\/p>\n<p>La Estafeta contra el C\u00e1ncer es una iniciativa que surgi\u00f3 de la comunidad motera, que decidi\u00f3 unir sus fuerzas y recorrer la rep\u00fablica mexicana llevando un s\u00edmbolo de esperanza y compromiso. En cada club que visitan, los motociclistas entregan su aportaci\u00f3n econ\u00f3mica a la cuenta bancaria de la instituci\u00f3n beneficiaria (sin manejar dinero en efectivo por seguridad). As\u00ed, la estafeta pasa de mano en mano, de club en club, hasta llegar al destino final.<\/p>\n<p>Adem\u00e1s de la entrega de la estafeta, el evento contar\u00e1 con conferencias de sensibilizaci\u00f3n sobre el c\u00e1ncer, para informar y prevenir a la poblaci\u00f3n sobre esta grave enfermedad. La cita es a las 10:00 am en el Teatro Hinojosa, donde se espera una gran asistencia y una c\u00e1lida bienvenida a los motociclistas\u00a0solidarios.<\/p>\n","protected":false},"excerpt":{"rendered":"<div class=\"mh-excerpt\"><p>El pr\u00f3ximo jueves 28 de septiembre, la ciudad de Jerez recibir\u00e1 la visita de los motociclistas que participan en la Estafeta contra el C\u00e1ncer, una <a class=\"mh-excerpt-more\" href=\"https:\/\/raicesjerezanas.com\/?p=23128\" title=\"RECIBE JEREZ LA ESTAFETA CONTRA EL C\u00c1NCER\">&#8230;<\/a><\/p>\n<\/div>","protected":false},"author":1,"featured_media":23129,"comment_status":"open","ping_status":"closed","sticky":false,"template":"","format":"standard","meta":{"footnotes":""},"categories":[102],"tags":[],"class_list":["post-23128","post","type-post","status-publish","format-standard","has-post-thumbnail","hentry","category-noticias-de-jerez"],"_links":{"self":[{"href":"https:\/\/raicesjerezanas.com\/index.php?rest_route=\/wp\/v2\/posts\/23128","targetHints":{"allow":["GET"]}}],"collection":[{"href":"https:\/\/raicesjerezanas.com\/index.php?rest_route=\/wp\/v2\/posts"}],"about":[{"href":"https:\/\/raicesjerezanas.com\/index.php?rest_route=\/wp\/v2\/types\/post"}],"author":[{"embeddable":true,"href":"https:\/\/raicesjerezanas.com\/index.php?rest_route=\/wp\/v2\/users\/1"}],"replies":[{"embeddable":true,"href":"https:\/\/raicesjerezanas.com\/index.php?rest_route=%2Fwp%2Fv2%2Fcomments&post=23128"}],"version-history":[{"count":0,"href":"https:\/\/raicesjerezanas.com\/index.php?rest_route=\/wp\/v2\/posts\/23128\/revisions"}],"wp:featuredmedia":[{"embeddable":true,"href":"https:\/\/raicesjerezanas.com\/index.php?rest_route=\/wp\/v2\/media\/23129"}],"wp:attachment":[{"href":"https:\/\/raicesjerezanas.com\/index.php?rest_route=%2Fwp%2Fv2%2Fmedia&parent=23128"}],"wp:term":[{"taxonomy":"category","embeddable":true,"href":"https:\/\/raicesjerezanas.com\/index.php?rest_route=%2Fwp%2Fv2%2Fcategories&post=23128"},{"taxonomy":"post_tag","embeddable":true,"href":"https:\/\/raicesjerezanas.com\/index.php?rest_route=%2Fwp%2Fv2%2Ftags&post=23128"}],"curies":[{"name":"wp","href":"https:\/\/api.w.org\/{rel}","templated":true}]}}