{"id":23135,"date":"2023-09-25T12:32:47","date_gmt":"2023-09-25T18:32:47","guid":{"rendered":"https:\/\/raicesjerezanas.com\/?p=23135"},"modified":"2023-09-28T12:34:03","modified_gmt":"2023-09-28T18:34:03","slug":"otro-gran-concierto-con-los-ninos-y-jovenes-del-coro-suenos-e-ilusiones-ahora-con-musica-tradicional-de-mexico","status":"publish","type":"post","link":"https:\/\/raicesjerezanas.com\/?p=23135","title":{"rendered":"OTRO GRAN CONCIERTO CON LOS NI\u00d1OS Y J\u00d3VENES DEL CORO SUE\u00d1OS E ILUSIONES, AHORA CON M\u00daSICA TRADICIONAL DE M\u00c9XICO"},"content":{"rendered":"<p>Para demostrar el crecimiento que han alcanzado en pocos meses, el coro infantil y juvenil Sue\u00f1os e Ilusiones brind\u00f3 un magn\u00edfico concierto de m\u00fasica coral mexicana en el escenario del Teatro Hinojosa, bajo la batuta del maestro Ricardo Cabrera V\u00e1zquez y el acompa\u00f1amiento al piano del maestro Julio C\u00e9sar Poot. El p\u00fablico asistente aplaudi\u00f3 con entusiasmo la actuaci\u00f3n de los ni\u00f1os y j\u00f3venes, que interpretaron temas que quiz\u00e1 no son tan familiares para ellos, pero que forman parte del acervo musical de sus abuelos y padres, quienes se sintieron orgullosos de su trabajo.<\/p>\n<p>El repertorio estuvo integrado por la Marcha Jerez del maestro Jos\u00e9 G. G\u00f3mez, La Cumbancha de Agust\u00edn Lara; Te quiero dijiste, de Mar\u00eda Grever; Solamente una Vez, del inolvidable Agust\u00edn Lara y B\u00e9same Mucho, la canci\u00f3n m\u00e1s famosa de Grever, para finalizar la secci\u00f3n rom\u00e1ntica. La segunda parte incluy\u00f3 sones populares que representan la tradici\u00f3n nacional; A la Canci\u00f3n Mexicana de Lalo Guerrero, La Canci\u00f3n Mixteca de Jos\u00e9 L\u00f3pez Alavez; Rancho Alegre de Felipe Garrido, La Feria de las Flores de Chucho Monge, La Norte\u00f1a de J. Elizondo, La Puerta del Cielo, que algunos jerezanos atribuyen a Federico M\u00e9ndez y el cierre de concierto con el son jarocho El Col\u00e1s.<\/p>\n<p>Al terminar el evento, el director de la agrupaci\u00f3n, que depende del Instituto Jerezano de Cultura (IJC), anunci\u00f3 algunos de los planes a futuro para este coro, que ya se ha convertido en un distintivo de nuestra tierra, y que espera realizar una gira nacional\u00a0el\u00a0a\u00f1o\u00a0pr\u00f3ximo.<\/p>\n","protected":false},"excerpt":{"rendered":"<div class=\"mh-excerpt\"><p>Para demostrar el crecimiento que han alcanzado en pocos meses, el coro infantil y juvenil Sue\u00f1os e Ilusiones brind\u00f3 un magn\u00edfico concierto de m\u00fasica coral <a class=\"mh-excerpt-more\" href=\"https:\/\/raicesjerezanas.com\/?p=23135\" title=\"OTRO GRAN CONCIERTO CON LOS NI\u00d1OS Y J\u00d3VENES DEL CORO SUE\u00d1OS E ILUSIONES, AHORA CON M\u00daSICA TRADICIONAL DE M\u00c9XICO\">&#8230;<\/a><\/p>\n<\/div>","protected":false},"author":1,"featured_media":23136,"comment_status":"open","ping_status":"closed","sticky":false,"template":"","format":"standard","meta":{"footnotes":""},"categories":[102],"tags":[],"class_list":["post-23135","post","type-post","status-publish","format-standard","has-post-thumbnail","hentry","category-noticias-de-jerez"],"_links":{"self":[{"href":"https:\/\/raicesjerezanas.com\/index.php?rest_route=\/wp\/v2\/posts\/23135","targetHints":{"allow":["GET"]}}],"collection":[{"href":"https:\/\/raicesjerezanas.com\/index.php?rest_route=\/wp\/v2\/posts"}],"about":[{"href":"https:\/\/raicesjerezanas.com\/index.php?rest_route=\/wp\/v2\/types\/post"}],"author":[{"embeddable":true,"href":"https:\/\/raicesjerezanas.com\/index.php?rest_route=\/wp\/v2\/users\/1"}],"replies":[{"embeddable":true,"href":"https:\/\/raicesjerezanas.com\/index.php?rest_route=%2Fwp%2Fv2%2Fcomments&post=23135"}],"version-history":[{"count":0,"href":"https:\/\/raicesjerezanas.com\/index.php?rest_route=\/wp\/v2\/posts\/23135\/revisions"}],"wp:featuredmedia":[{"embeddable":true,"href":"https:\/\/raicesjerezanas.com\/index.php?rest_route=\/wp\/v2\/media\/23136"}],"wp:attachment":[{"href":"https:\/\/raicesjerezanas.com\/index.php?rest_route=%2Fwp%2Fv2%2Fmedia&parent=23135"}],"wp:term":[{"taxonomy":"category","embeddable":true,"href":"https:\/\/raicesjerezanas.com\/index.php?rest_route=%2Fwp%2Fv2%2Fcategories&post=23135"},{"taxonomy":"post_tag","embeddable":true,"href":"https:\/\/raicesjerezanas.com\/index.php?rest_route=%2Fwp%2Fv2%2Ftags&post=23135"}],"curies":[{"name":"wp","href":"https:\/\/api.w.org\/{rel}","templated":true}]}}