{"id":23139,"date":"2023-09-26T12:35:02","date_gmt":"2023-09-26T18:35:02","guid":{"rendered":"https:\/\/raicesjerezanas.com\/?p=23139"},"modified":"2023-09-28T12:36:05","modified_gmt":"2023-09-28T18:36:05","slug":"dif-jerez-ofrecera-mastografias-gratuitas-en-el-mes-rosa","status":"publish","type":"post","link":"https:\/\/raicesjerezanas.com\/?p=23139","title":{"rendered":"DIF JEREZ OFRECER\u00c1 MASTOGRAF\u00cdAS GRATUITAS EN EL MES ROSA"},"content":{"rendered":"<p>Ocupado en la salud de las mujeres y para conmemorar el Mes Rosa, el DIF Jerez que dirige la presidenta honor\u00edfica Bertha Alicia Garc\u00eda Duarte, ofrecer\u00e1 en conjunto con el Hospital General una Campa\u00f1a de Mastograf\u00edas gratuitas.<\/p>\n<p>Del 2 al 13 de octubre se efectuar\u00e1 la Campa\u00f1a, por lo que previamente se requiere acudir a las instalaciones del DIF de 8:00 de la ma\u00f1ana a 3:00 de la tarde, a obtener el pase al Hospital General.<\/p>\n<p>La campa\u00f1a est\u00e1 dirigida a mujeres de 40 a 69 a\u00f1os de edad, y para informes se encuentra disponible el n\u00famero telef\u00f3nico del \u00e1rea de Salud\u00a04941081517.<\/p>\n","protected":false},"excerpt":{"rendered":"<div class=\"mh-excerpt\"><p>Ocupado en la salud de las mujeres y para conmemorar el Mes Rosa, el DIF Jerez que dirige la presidenta honor\u00edfica Bertha Alicia Garc\u00eda Duarte, <a class=\"mh-excerpt-more\" href=\"https:\/\/raicesjerezanas.com\/?p=23139\" title=\"DIF JEREZ OFRECER\u00c1 MASTOGRAF\u00cdAS GRATUITAS EN EL MES ROSA\">&#8230;<\/a><\/p>\n<\/div>","protected":false},"author":1,"featured_media":23140,"comment_status":"open","ping_status":"closed","sticky":false,"template":"","format":"standard","meta":{"footnotes":""},"categories":[1],"tags":[],"class_list":["post-23139","post","type-post","status-publish","format-standard","has-post-thumbnail","hentry","category-uncategorized"],"_links":{"self":[{"href":"https:\/\/raicesjerezanas.com\/index.php?rest_route=\/wp\/v2\/posts\/23139","targetHints":{"allow":["GET"]}}],"collection":[{"href":"https:\/\/raicesjerezanas.com\/index.php?rest_route=\/wp\/v2\/posts"}],"about":[{"href":"https:\/\/raicesjerezanas.com\/index.php?rest_route=\/wp\/v2\/types\/post"}],"author":[{"embeddable":true,"href":"https:\/\/raicesjerezanas.com\/index.php?rest_route=\/wp\/v2\/users\/1"}],"replies":[{"embeddable":true,"href":"https:\/\/raicesjerezanas.com\/index.php?rest_route=%2Fwp%2Fv2%2Fcomments&post=23139"}],"version-history":[{"count":0,"href":"https:\/\/raicesjerezanas.com\/index.php?rest_route=\/wp\/v2\/posts\/23139\/revisions"}],"wp:featuredmedia":[{"embeddable":true,"href":"https:\/\/raicesjerezanas.com\/index.php?rest_route=\/wp\/v2\/media\/23140"}],"wp:attachment":[{"href":"https:\/\/raicesjerezanas.com\/index.php?rest_route=%2Fwp%2Fv2%2Fmedia&parent=23139"}],"wp:term":[{"taxonomy":"category","embeddable":true,"href":"https:\/\/raicesjerezanas.com\/index.php?rest_route=%2Fwp%2Fv2%2Fcategories&post=23139"},{"taxonomy":"post_tag","embeddable":true,"href":"https:\/\/raicesjerezanas.com\/index.php?rest_route=%2Fwp%2Fv2%2Ftags&post=23139"}],"curies":[{"name":"wp","href":"https:\/\/api.w.org\/{rel}","templated":true}]}}