{"id":23141,"date":"2023-09-26T12:36:20","date_gmt":"2023-09-26T18:36:20","guid":{"rendered":"https:\/\/raicesjerezanas.com\/?p=23141"},"modified":"2023-09-28T12:37:49","modified_gmt":"2023-09-28T18:37:49","slug":"habra-desfile-conmemorativo-al-113-aniversario-de-la-revolucion-mexicana-en-jerez","status":"publish","type":"post","link":"https:\/\/raicesjerezanas.com\/?p=23141","title":{"rendered":"HABR\u00c1 DESFILE CONMEMORATIVO AL 113 ANIVERSARIO DE LA REVOLUCI\u00d3N MEXICANA EN JEREZ"},"content":{"rendered":"<ul>\n<li>Con la participaci\u00f3n confirmada de m\u00e1s de 21 instituciones educativas jerezanas se concreta el desfile del pr\u00f3ximo 20 de noviembre.<\/li>\n<\/ul>\n<p>Durante una reuni\u00f3n llevada a cabo en el foyer del teatro Hinojosa en Jerez, autoridades municipales y educativas concretaron los detalles del pr\u00f3ximo desfile del 20 de noviembre, que conmemora el 113 aniversario del conflicto armado de 1910. Este desfile, que por varios a\u00f1os consecutivos no se hab\u00eda cancelado debido a motivos ajenos, es ahora una realidad que contribuir\u00e1 a la reactivaci\u00f3n de la econom\u00eda local y a la promoci\u00f3n de actividades en Jerez. El evento est\u00e1 siendo organizado por el gobierno municipal 2021-2024 a trav\u00e9s de la coordinaci\u00f3n municipal de Educaci\u00f3n.<\/p>\n<p>Durante el transcurso del evento, se abordaron varios puntos importantes relacionados con la organizaci\u00f3n del desfile. Se discutieron detalles como el recorrido, que comenzar\u00e1 en la glorieta Francisco Garc\u00eda Salinas y concluir\u00e1 en el casino Jerez, as\u00ed como las convocatorias para concursos de carros aleg\u00f3ricos y bastoneras. Tambi\u00e9n se trat\u00f3 el orden del desfile y la distribuci\u00f3n de vales para agua, entre otros temas. En esta misma reuni\u00f3n, la Mtra. Mar\u00eda Esther Ibarra, coordinadora de Educaci\u00f3n, reconoci\u00f3 la importancia de la participaci\u00f3n de las instituciones educativas para realzar este evento tradicional.<\/p>\n<p>Durante la reuni\u00f3n con los directivos escolares, se confirm\u00f3 la asistencia de m\u00e1s de 21 instituciones educativas de nivel primaria, secundaria, preparatoria y profesional. Frente al Mtro. Enrique Saucedo, regidor de Educaci\u00f3n, el Mtro. Arturo Esquivel, jefe de Capital Humano de la Regi\u00f3n 8 federal, y el Lic. Julio C\u00e9sar S\u00e1nchez, representante de la Regi\u00f3n 8 Estatal, el Lic. H\u00e9ctor Hugo Ram\u00edrez, secretario de Gobierno municipal, expres\u00f3 que este desfile es de inter\u00e9s para varios sectores. Por ello, agradeci\u00f3 a las escuelas su contribuci\u00f3n a la sociedad jerezana y su apoyo al gobierno municipal. Antes de finalizar, les record\u00f3 a los docentes la importancia de no dejarse llevar por la desinformaci\u00f3n que abunda en las redes sociales y les inst\u00f3 a mantenerse informados a trav\u00e9s de medios\u00a0oficiales.<\/p>\n<p><img loading=\"lazy\" decoding=\"async\" class=\"alignnone size-full wp-image-23142\" src=\"https:\/\/raicesjerezanas.com\/wp-content\/uploads\/2023\/09\/Imagen-de-WhatsApp-2023-09-26-a-las-18.21.44.jpg\" alt=\"\" width=\"1200\" height=\"800\" srcset=\"https:\/\/raicesjerezanas.com\/wp-content\/uploads\/2023\/09\/Imagen-de-WhatsApp-2023-09-26-a-las-18.21.44.jpg 1200w, https:\/\/raicesjerezanas.com\/wp-content\/uploads\/2023\/09\/Imagen-de-WhatsApp-2023-09-26-a-las-18.21.44-300x200.jpg 300w, https:\/\/raicesjerezanas.com\/wp-content\/uploads\/2023\/09\/Imagen-de-WhatsApp-2023-09-26-a-las-18.21.44-1024x683.jpg 1024w, https:\/\/raicesjerezanas.com\/wp-content\/uploads\/2023\/09\/Imagen-de-WhatsApp-2023-09-26-a-las-18.21.44-768x512.jpg 768w\" sizes=\"auto, (max-width: 1200px) 100vw, 1200px\" \/><\/p>\n","protected":false},"excerpt":{"rendered":"<div class=\"mh-excerpt\"><p>Con la participaci\u00f3n confirmada de m\u00e1s de 21 instituciones educativas jerezanas se concreta el desfile del pr\u00f3ximo 20 de noviembre. Durante una reuni\u00f3n llevada a <a class=\"mh-excerpt-more\" href=\"https:\/\/raicesjerezanas.com\/?p=23141\" title=\"HABR\u00c1 DESFILE CONMEMORATIVO AL 113 ANIVERSARIO DE LA REVOLUCI\u00d3N MEXICANA EN JEREZ\">&#8230;<\/a><\/p>\n<\/div>","protected":false},"author":1,"featured_media":23143,"comment_status":"open","ping_status":"closed","sticky":false,"template":"","format":"standard","meta":{"footnotes":""},"categories":[1],"tags":[],"class_list":["post-23141","post","type-post","status-publish","format-standard","has-post-thumbnail","hentry","category-uncategorized"],"_links":{"self":[{"href":"https:\/\/raicesjerezanas.com\/index.php?rest_route=\/wp\/v2\/posts\/23141","targetHints":{"allow":["GET"]}}],"collection":[{"href":"https:\/\/raicesjerezanas.com\/index.php?rest_route=\/wp\/v2\/posts"}],"about":[{"href":"https:\/\/raicesjerezanas.com\/index.php?rest_route=\/wp\/v2\/types\/post"}],"author":[{"embeddable":true,"href":"https:\/\/raicesjerezanas.com\/index.php?rest_route=\/wp\/v2\/users\/1"}],"replies":[{"embeddable":true,"href":"https:\/\/raicesjerezanas.com\/index.php?rest_route=%2Fwp%2Fv2%2Fcomments&post=23141"}],"version-history":[{"count":0,"href":"https:\/\/raicesjerezanas.com\/index.php?rest_route=\/wp\/v2\/posts\/23141\/revisions"}],"wp:featuredmedia":[{"embeddable":true,"href":"https:\/\/raicesjerezanas.com\/index.php?rest_route=\/wp\/v2\/media\/23143"}],"wp:attachment":[{"href":"https:\/\/raicesjerezanas.com\/index.php?rest_route=%2Fwp%2Fv2%2Fmedia&parent=23141"}],"wp:term":[{"taxonomy":"category","embeddable":true,"href":"https:\/\/raicesjerezanas.com\/index.php?rest_route=%2Fwp%2Fv2%2Fcategories&post=23141"},{"taxonomy":"post_tag","embeddable":true,"href":"https:\/\/raicesjerezanas.com\/index.php?rest_route=%2Fwp%2Fv2%2Ftags&post=23141"}],"curies":[{"name":"wp","href":"https:\/\/api.w.org\/{rel}","templated":true}]}}