{"id":23144,"date":"2023-09-27T12:38:14","date_gmt":"2023-09-27T18:38:14","guid":{"rendered":"https:\/\/raicesjerezanas.com\/?p=23144"},"modified":"2023-09-28T12:38:47","modified_gmt":"2023-09-28T18:38:47","slug":"apoyan-a-familias-vulnerables-en-jerez","status":"publish","type":"post","link":"https:\/\/raicesjerezanas.com\/?p=23144","title":{"rendered":"APOYAN A FAMILIAS VULNERABLES EN JEREZ"},"content":{"rendered":"<ul>\n<li>Fueron entregados a 22 familias jerezanas de escasos recursos, el apoyo mensual correspondiente a septiembre.<\/li>\n<\/ul>\n<p>Por iniciativa de la administraci\u00f3n municipal 2021-2024, se ha estado entregando mensualmente el apoyo a las familias del municipio de Jerez. En este mes de septiembre, en las oficinas del departamento de Atenci\u00f3n Ciudadana y Gesti\u00f3n Social, siguiendo las indicaciones del Dr. Jos\u00e9 Humberto Salazar Contreras, se identificaron 22 familias en situaci\u00f3n de necesidad, con uno o m\u00e1s miembros que padecen discapacidad o enfermedades cr\u00f3nico-degenerativas que requieren costosos tratamientos. Con el objetivo de brindarles alivio, se realiz\u00f3 la entrega mensual de ayuda.<\/p>\n<p>En esta ocasi\u00f3n, los apoyos fueron entregados por Ma. Del Consuelo Trujillo Moreno, titular del departamento de Atenci\u00f3n Ciudadana y Gesti\u00f3n Social. Ella destac\u00f3 que un total de 22 familias se beneficiaron con una inversi\u00f3n aproximada de $27,000.00 por parte del municipio. Reiter\u00f3 su compromiso con la salud y la econom\u00eda de los habitantes de Jerez, con la finalidad de reducir el gasto diario que conlleva el manejo de enfermedades cr\u00f3nicas, discapacidades o la ausencia de alg\u00fan miembro en la familia.<\/p>\n<p>En una conversaci\u00f3n cercana, la funcionaria explic\u00f3 que durante el mes de agosto tambi\u00e9n se entreg\u00f3 ayuda a la misma cantidad de familias con una inversi\u00f3n similar. Detall\u00f3 que el padr\u00f3n actual ha experimentado cambios, con algunas familias agregadas y otras retiradas debido a fallecimientos. Adem\u00e1s, mencion\u00f3 que contin\u00faan recibiendo solicitudes para incorporar a m\u00e1s familias, a las cuales se les realiza un estudio socioecon\u00f3mico previo antes de ser\u00a0consideradas.<\/p>\n","protected":false},"excerpt":{"rendered":"<div class=\"mh-excerpt\"><p>Fueron entregados a 22 familias jerezanas de escasos recursos, el apoyo mensual correspondiente a septiembre. Por iniciativa de la administraci\u00f3n municipal 2021-2024, se ha estado <a class=\"mh-excerpt-more\" href=\"https:\/\/raicesjerezanas.com\/?p=23144\" title=\"APOYAN A FAMILIAS VULNERABLES EN JEREZ\">&#8230;<\/a><\/p>\n<\/div>","protected":false},"author":1,"featured_media":23145,"comment_status":"open","ping_status":"closed","sticky":false,"template":"","format":"standard","meta":{"footnotes":""},"categories":[1],"tags":[],"class_list":["post-23144","post","type-post","status-publish","format-standard","has-post-thumbnail","hentry","category-uncategorized"],"_links":{"self":[{"href":"https:\/\/raicesjerezanas.com\/index.php?rest_route=\/wp\/v2\/posts\/23144","targetHints":{"allow":["GET"]}}],"collection":[{"href":"https:\/\/raicesjerezanas.com\/index.php?rest_route=\/wp\/v2\/posts"}],"about":[{"href":"https:\/\/raicesjerezanas.com\/index.php?rest_route=\/wp\/v2\/types\/post"}],"author":[{"embeddable":true,"href":"https:\/\/raicesjerezanas.com\/index.php?rest_route=\/wp\/v2\/users\/1"}],"replies":[{"embeddable":true,"href":"https:\/\/raicesjerezanas.com\/index.php?rest_route=%2Fwp%2Fv2%2Fcomments&post=23144"}],"version-history":[{"count":0,"href":"https:\/\/raicesjerezanas.com\/index.php?rest_route=\/wp\/v2\/posts\/23144\/revisions"}],"wp:featuredmedia":[{"embeddable":true,"href":"https:\/\/raicesjerezanas.com\/index.php?rest_route=\/wp\/v2\/media\/23145"}],"wp:attachment":[{"href":"https:\/\/raicesjerezanas.com\/index.php?rest_route=%2Fwp%2Fv2%2Fmedia&parent=23144"}],"wp:term":[{"taxonomy":"category","embeddable":true,"href":"https:\/\/raicesjerezanas.com\/index.php?rest_route=%2Fwp%2Fv2%2Fcategories&post=23144"},{"taxonomy":"post_tag","embeddable":true,"href":"https:\/\/raicesjerezanas.com\/index.php?rest_route=%2Fwp%2Fv2%2Ftags&post=23144"}],"curies":[{"name":"wp","href":"https:\/\/api.w.org\/{rel}","templated":true}]}}