{"id":23146,"date":"2023-09-28T12:39:48","date_gmt":"2023-09-28T18:39:48","guid":{"rendered":"https:\/\/raicesjerezanas.com\/?p=23146"},"modified":"2023-09-28T12:39:48","modified_gmt":"2023-09-28T18:39:48","slug":"dif-jerez-invita-a-campana-de-donacion-de-libros-en-beneficio-de-adultos-mayores","status":"publish","type":"post","link":"https:\/\/raicesjerezanas.com\/?p=23146","title":{"rendered":"DIF JEREZ INVITA A CAMPA\u00d1A DE DONACI\u00d3N DE LIBROS EN BENEFICIO DE ADULTOS MAYORES"},"content":{"rendered":"<p>A fin de continuar estimulando el desarrollo de los adultos mayores que acuden a los Clubes de la Tercera Edad, el DIF Jerez lanz\u00f3 la campa\u00f1a de donaci\u00f3n de libros \u00abRegalando Sabidur\u00eda\u00bb.<\/p>\n<p>El prop\u00f3sito es invitar a la ciudadan\u00eda a donar libros durante el mes de octubre, para crear peque\u00f1as bibliotecas o espacios de lectura en los Clubes.<\/p>\n<p>A ra\u00edz de esto se organizar\u00e1n talleres y actividades que estimulen la capacidad lectora de los abuelos, propiciando un ambiente de pleno desarrollo y esparcimiento para ellos.<\/p>\n<p>Los libros se estar\u00e1n recibiendo en la Jefatura de Servicios del DIF Municipal, con un horario de 8:00 de la ma\u00f1ana a 3:00\u00a0de\u00a0la\u00a0tarde.<\/p>\n","protected":false},"excerpt":{"rendered":"<div class=\"mh-excerpt\"><p>A fin de continuar estimulando el desarrollo de los adultos mayores que acuden a los Clubes de la Tercera Edad, el DIF Jerez lanz\u00f3 la <a class=\"mh-excerpt-more\" href=\"https:\/\/raicesjerezanas.com\/?p=23146\" title=\"DIF JEREZ INVITA A CAMPA\u00d1A DE DONACI\u00d3N DE LIBROS EN BENEFICIO DE ADULTOS MAYORES\">&#8230;<\/a><\/p>\n<\/div>","protected":false},"author":1,"featured_media":23147,"comment_status":"open","ping_status":"closed","sticky":false,"template":"","format":"standard","meta":{"footnotes":""},"categories":[1],"tags":[],"class_list":["post-23146","post","type-post","status-publish","format-standard","has-post-thumbnail","hentry","category-uncategorized"],"_links":{"self":[{"href":"https:\/\/raicesjerezanas.com\/index.php?rest_route=\/wp\/v2\/posts\/23146","targetHints":{"allow":["GET"]}}],"collection":[{"href":"https:\/\/raicesjerezanas.com\/index.php?rest_route=\/wp\/v2\/posts"}],"about":[{"href":"https:\/\/raicesjerezanas.com\/index.php?rest_route=\/wp\/v2\/types\/post"}],"author":[{"embeddable":true,"href":"https:\/\/raicesjerezanas.com\/index.php?rest_route=\/wp\/v2\/users\/1"}],"replies":[{"embeddable":true,"href":"https:\/\/raicesjerezanas.com\/index.php?rest_route=%2Fwp%2Fv2%2Fcomments&post=23146"}],"version-history":[{"count":0,"href":"https:\/\/raicesjerezanas.com\/index.php?rest_route=\/wp\/v2\/posts\/23146\/revisions"}],"wp:featuredmedia":[{"embeddable":true,"href":"https:\/\/raicesjerezanas.com\/index.php?rest_route=\/wp\/v2\/media\/23147"}],"wp:attachment":[{"href":"https:\/\/raicesjerezanas.com\/index.php?rest_route=%2Fwp%2Fv2%2Fmedia&parent=23146"}],"wp:term":[{"taxonomy":"category","embeddable":true,"href":"https:\/\/raicesjerezanas.com\/index.php?rest_route=%2Fwp%2Fv2%2Fcategories&post=23146"},{"taxonomy":"post_tag","embeddable":true,"href":"https:\/\/raicesjerezanas.com\/index.php?rest_route=%2Fwp%2Fv2%2Ftags&post=23146"}],"curies":[{"name":"wp","href":"https:\/\/api.w.org\/{rel}","templated":true}]}}