{"id":23161,"date":"2023-10-02T22:50:40","date_gmt":"2023-10-03T04:50:40","guid":{"rendered":"https:\/\/enconecte.com\/?p=23161"},"modified":"2023-10-02T22:50:40","modified_gmt":"2023-10-03T04:50:40","slug":"jerez-recibira-autos-clasicos-durante-la-15-ruta-zacatecana","status":"publish","type":"post","link":"https:\/\/raicesjerezanas.com\/?p=23161","title":{"rendered":"JEREZ RECIBIR\u00c1 AUTOS CL\u00c1SICOS DURANTE LA 15\u00b0 RUTA ZACATECANA"},"content":{"rendered":"<p>El director de Desarrollo Econ\u00f3mico y Social de Jerez, David Josafat de la Torre Pinedo, en representaci\u00f3n del alcalde Humberto Salazar Contreras, anunci\u00f3 la llegada de la 15\u00aa Ruta Zacatecana, un emocionante evento organizado por El Club de Carros Mustang y Antiguos de Zacatecas. Jerez ser\u00e1 sede el pr\u00f3ximo 7 de octubre y promete ser una experiencia inolvidable para todos los amantes de los autos cl\u00e1sicos y antiguos.<\/p>\n<p>Jerez, conocido por su rica herencia cultural y belleza natural, abre sus puertas con entusiasmo a todos los asistentes y participantes de la 15\u00aa Ruta Zacatecana. David Josafat de la Torre Pinedo extendi\u00f3 una c\u00e1lida invitaci\u00f3n a todos aquellos que deseen disfrutar de los numerosos atractivos tur\u00edsticos, gastron\u00f3micos, musicales y naturales que el municipio tiene para ofrecer.<\/p>\n<p>En sus palabras, el director de Desarrollo Econ\u00f3mico y Social destac\u00f3 que Jerez es un destino seguro y tranquilo que est\u00e1 preparado para recibir a entusiastas de los autos cl\u00e1sicos y antiguos. La hospitalidad de la comunidad jerezana y la belleza de su entorno har\u00e1n que la 15\u00aa Ruta Zacatecana sea una experiencia memorable para todos los participantes.<\/p>\n<p>Este evento es una oportunidad excepcional para disfrutar de la pasi\u00f3n por los autos cl\u00e1sicos, mientras se exploran los encantos de Jerez y se vive la cultura local. La administraci\u00f3n municipal se enorgullece de ser anfitriona de esta destacada ruta automovil\u00edstica y espera recibir a visitantes de todas partes con los brazos\u00a0abiertos.<\/p>\n","protected":false},"excerpt":{"rendered":"<div class=\"mh-excerpt\"><p>El director de Desarrollo Econ\u00f3mico y Social de Jerez, David Josafat de la Torre Pinedo, en representaci\u00f3n del alcalde Humberto Salazar Contreras, anunci\u00f3 la llegada <a class=\"mh-excerpt-more\" href=\"https:\/\/raicesjerezanas.com\/?p=23161\" title=\"JEREZ RECIBIR\u00c1 AUTOS CL\u00c1SICOS DURANTE LA 15\u00b0 RUTA ZACATECANA\">&#8230;<\/a><\/p>\n<\/div>","protected":false},"author":1,"featured_media":23162,"comment_status":"closed","ping_status":"closed","sticky":false,"template":"","format":"standard","meta":{"footnotes":""},"categories":[102],"tags":[],"class_list":["post-23161","post","type-post","status-publish","format-standard","has-post-thumbnail","hentry","category-noticias-de-jerez"],"_links":{"self":[{"href":"https:\/\/raicesjerezanas.com\/index.php?rest_route=\/wp\/v2\/posts\/23161","targetHints":{"allow":["GET"]}}],"collection":[{"href":"https:\/\/raicesjerezanas.com\/index.php?rest_route=\/wp\/v2\/posts"}],"about":[{"href":"https:\/\/raicesjerezanas.com\/index.php?rest_route=\/wp\/v2\/types\/post"}],"author":[{"embeddable":true,"href":"https:\/\/raicesjerezanas.com\/index.php?rest_route=\/wp\/v2\/users\/1"}],"replies":[{"embeddable":true,"href":"https:\/\/raicesjerezanas.com\/index.php?rest_route=%2Fwp%2Fv2%2Fcomments&post=23161"}],"version-history":[{"count":0,"href":"https:\/\/raicesjerezanas.com\/index.php?rest_route=\/wp\/v2\/posts\/23161\/revisions"}],"wp:featuredmedia":[{"embeddable":true,"href":"https:\/\/raicesjerezanas.com\/index.php?rest_route=\/wp\/v2\/media\/23162"}],"wp:attachment":[{"href":"https:\/\/raicesjerezanas.com\/index.php?rest_route=%2Fwp%2Fv2%2Fmedia&parent=23161"}],"wp:term":[{"taxonomy":"category","embeddable":true,"href":"https:\/\/raicesjerezanas.com\/index.php?rest_route=%2Fwp%2Fv2%2Fcategories&post=23161"},{"taxonomy":"post_tag","embeddable":true,"href":"https:\/\/raicesjerezanas.com\/index.php?rest_route=%2Fwp%2Fv2%2Ftags&post=23161"}],"curies":[{"name":"wp","href":"https:\/\/api.w.org\/{rel}","templated":true}]}}