{"id":23163,"date":"2023-10-03T22:51:36","date_gmt":"2023-10-04T04:51:36","guid":{"rendered":"https:\/\/enconecte.com\/?p=23163"},"modified":"2023-10-03T22:51:36","modified_gmt":"2023-10-04T04:51:36","slug":"arrancan-curso-de-elaboracion-y-diseno-de-macetas-en-jerez","status":"publish","type":"post","link":"https:\/\/raicesjerezanas.com\/?p=23163","title":{"rendered":"ARRANCAN CURSO DE ELABORACI\u00d3N Y DISE\u00d1O DE MACETAS EN JEREZ"},"content":{"rendered":"<p>Como parte del trabajo continuo del gobierno municipal 2021-2024, a trav\u00e9s del Instituto de la Mujer Jerezana (INMUJE), en conjunto con la Secretar\u00eda de la Mujer del Estado de Zacatecas (SEMUJER), este lunes se reunieron un grupo de jerezanas para iniciar el taller exclusivo para mujeres de \u201cElaboraci\u00f3n y dise\u00f1o de macetas\u201d, en el taller de alfarer\u00eda N\u00fa\u00f1ez, ubicado en la carretera a Santa Rita, con el objetivo de empoderar a las mujeres para que adquieran nuevos conocimientos y habilidades en este oficio, con una duraci\u00f3n de dos semanas, del 2 al 13 de octubre, de 9:00 a.m. a 2:00 p.m.<\/p>\n<p>Durante el inicio, la Mtra. Teresina Casas Castro, directora del INMUJE, explic\u00f3 que la finalidad de estos talleres es empoderar a las mujeres, para que al aprender, ellas puedan aplicar los nuevos conocimientos en sus hogares y as\u00ed obtener un beneficio econ\u00f3mico para sus familias. Tambi\u00e9n agradeci\u00f3 a las mujeres que asistieron y las invit\u00f3 a aprovechar el tiempo invertido que es en beneficio de las mujeres jerezanas.<\/p>\n<p><a href=\"https:\/\/enconecte.com\/wp-content\/uploads\/2023\/10\/Imagen-de-WhatsApp-2023-10-03-a-las-13.13.33_3fbacc52.jpg\"><img loading=\"lazy\" decoding=\"async\" class=\"alignnone size-full wp-image-23165\" src=\"https:\/\/enconecte.com\/wp-content\/uploads\/2023\/10\/Imagen-de-WhatsApp-2023-10-03-a-las-13.13.33_3fbacc52.jpg\" alt=\"\" width=\"1280\" height=\"853\" srcset=\"https:\/\/raicesjerezanas.com\/wp-content\/uploads\/2023\/10\/Imagen-de-WhatsApp-2023-10-03-a-las-13.13.33_3fbacc52.jpg 1280w, https:\/\/raicesjerezanas.com\/wp-content\/uploads\/2023\/10\/Imagen-de-WhatsApp-2023-10-03-a-las-13.13.33_3fbacc52-300x200.jpg 300w, https:\/\/raicesjerezanas.com\/wp-content\/uploads\/2023\/10\/Imagen-de-WhatsApp-2023-10-03-a-las-13.13.33_3fbacc52-1024x682.jpg 1024w, https:\/\/raicesjerezanas.com\/wp-content\/uploads\/2023\/10\/Imagen-de-WhatsApp-2023-10-03-a-las-13.13.33_3fbacc52-768x512.jpg 768w\" sizes=\"auto, (max-width: 1280px) 100vw, 1280px\" \/><\/a><\/p>\n<p>Por su parte, la instructora del curso, Mar\u00eda del Refugio N\u00fa\u00f1ez Ram\u00edrez, quien practica el oficio desde los 9 a\u00f1os, adem\u00e1s de agradecer a las asistentes, reconoci\u00f3 al gobierno municipal por la oportunidad y adem\u00e1s por ser la primera vez que se imparte este curso en Jerez. Asimismo, invit\u00f3 a las asistentes a aprovechar los conocimientos que ella compartir\u00e1 durante las dos semanas, para que les den\u00a0uso\u00a0personal.<\/p>\n","protected":false},"excerpt":{"rendered":"<div class=\"mh-excerpt\"><p>Como parte del trabajo continuo del gobierno municipal 2021-2024, a trav\u00e9s del Instituto de la Mujer Jerezana (INMUJE), en conjunto con la Secretar\u00eda de la <a class=\"mh-excerpt-more\" href=\"https:\/\/raicesjerezanas.com\/?p=23163\" title=\"ARRANCAN CURSO DE ELABORACI\u00d3N Y DISE\u00d1O DE MACETAS EN JEREZ\">&#8230;<\/a><\/p>\n<\/div>","protected":false},"author":1,"featured_media":23164,"comment_status":"closed","ping_status":"closed","sticky":false,"template":"","format":"standard","meta":{"footnotes":""},"categories":[102],"tags":[],"class_list":["post-23163","post","type-post","status-publish","format-standard","has-post-thumbnail","hentry","category-noticias-de-jerez"],"_links":{"self":[{"href":"https:\/\/raicesjerezanas.com\/index.php?rest_route=\/wp\/v2\/posts\/23163","targetHints":{"allow":["GET"]}}],"collection":[{"href":"https:\/\/raicesjerezanas.com\/index.php?rest_route=\/wp\/v2\/posts"}],"about":[{"href":"https:\/\/raicesjerezanas.com\/index.php?rest_route=\/wp\/v2\/types\/post"}],"author":[{"embeddable":true,"href":"https:\/\/raicesjerezanas.com\/index.php?rest_route=\/wp\/v2\/users\/1"}],"replies":[{"embeddable":true,"href":"https:\/\/raicesjerezanas.com\/index.php?rest_route=%2Fwp%2Fv2%2Fcomments&post=23163"}],"version-history":[{"count":0,"href":"https:\/\/raicesjerezanas.com\/index.php?rest_route=\/wp\/v2\/posts\/23163\/revisions"}],"wp:featuredmedia":[{"embeddable":true,"href":"https:\/\/raicesjerezanas.com\/index.php?rest_route=\/wp\/v2\/media\/23164"}],"wp:attachment":[{"href":"https:\/\/raicesjerezanas.com\/index.php?rest_route=%2Fwp%2Fv2%2Fmedia&parent=23163"}],"wp:term":[{"taxonomy":"category","embeddable":true,"href":"https:\/\/raicesjerezanas.com\/index.php?rest_route=%2Fwp%2Fv2%2Fcategories&post=23163"},{"taxonomy":"post_tag","embeddable":true,"href":"https:\/\/raicesjerezanas.com\/index.php?rest_route=%2Fwp%2Fv2%2Ftags&post=23163"}],"curies":[{"name":"wp","href":"https:\/\/api.w.org\/{rel}","templated":true}]}}