{"id":23166,"date":"2023-10-04T22:52:16","date_gmt":"2023-10-05T04:52:16","guid":{"rendered":"https:\/\/enconecte.com\/?p=23166"},"modified":"2023-10-04T22:52:16","modified_gmt":"2023-10-05T04:52:16","slug":"evaluan-el-desempeno-de-la-adminsitracion-municipal-a-traves-de-la-guia-consultiva","status":"publish","type":"post","link":"https:\/\/raicesjerezanas.com\/?p=23166","title":{"rendered":"EVALUAN EL DESEMPE\u00d1O DE LA ADMINSITRACI\u00d3N MUNICIPAL A TRAV\u00c9S DE LA GU\u00cdA CONSULTIVA"},"content":{"rendered":"<ul>\n<li>El proceso a cargo del Instituto Tecnol\u00f3gico Superior de Zacatecas Sur<\/li>\n<\/ul>\n<p>Inici\u00f3 la fase de revisi\u00f3n y actualizaci\u00f3n de la Gu\u00eda Consultiva de Desempe\u00f1o Municipal, un mecanismo que permite medir y calificar a los Ayuntamientos. En el caso de Jerez, esta tarea est\u00e1 a cargo del Instituto Tecnol\u00f3gico Superior de Zacatecas Sur, cuyo prop\u00f3sito es que los municipios puedan mejorar los aspectos en los que se detecte alguna deficiencia.<\/p>\n<p>El alcalde, Jos\u00e9 Humberto Salazar Contreras, dio la bienvenida al secretario t\u00e9cnico de la Coordinaci\u00f3n Estatal de Planeaci\u00f3n (COEPLA), Eduardo Soto, quien representaba a la coordinadora Ruth Ang\u00e9lica Contreras Rodr\u00edguez, as\u00ed como a F\u00e1tima Lizbeth Hern\u00e1ndez Magallanes, de la instituci\u00f3n revisora y representante del director, Ferm\u00edn Parra Luna. En el acto protocolario tambi\u00e9n estuvieron presentes el coordinador de planeaci\u00f3n municipal, Rafael Enrique Hurtado Ortiz, los regidores Laila Karina Gonz\u00e1lez Lozano, Elizabeth Murillo Guerrero y Enrique Saucedo, la directora del DIF municipal, J\u00e9ssica Cuevas Cuevas, y directores de las diversas \u00e1reas del gobierno municipal.<\/p>\n<p>El doctor Salazar afirm\u00f3 que la visi\u00f3n de tener una planeaci\u00f3n a nivel municipal, regional y nacional permite tener un panorama de hacia d\u00f3nde nos dirigimos y proporciona los pilares de oportunidades que se ir\u00e1n identificando de acuerdo a la medici\u00f3n. Adem\u00e1s, destac\u00f3 la importancia de reforzar los puntos d\u00e9biles y contar con una direcci\u00f3n m\u00e1s precisa, lo que generar\u00e1 m\u00e1s oportunidades para el municipio, la regi\u00f3n y el estado.<\/p>\n<p>El alcalde tambi\u00e9n destac\u00f3 el apoyo de la instituci\u00f3n educativa, que cuenta con personal joven y entusiasta, as\u00ed como una visi\u00f3n diferente, nuevas ideas y un deseo de crecimiento. Por ello, expres\u00f3 su confianza en que su an\u00e1lisis contribuir\u00e1 a la mejora.<\/p>\n<p>Record\u00f3 que el municipio ha enfrentado desaf\u00edos importantes desde el inicio de su gobierno, ya que encontr\u00f3 un municipio fuera de control y a la deriva, con verdadera anarqu\u00eda. Sin embargo, en estos dos a\u00f1os, se han sentado las bases para un futuro m\u00e1s prometedor, gracias a la planificaci\u00f3n que se ha llevado a cabo con la colaboraci\u00f3n de todos en el municipio, la coordinaci\u00f3n con el estado y la buena relaci\u00f3n con el gobernador David Monreal \u00c1vila.<\/p>\n<p>El representante de la COEPLA reconoci\u00f3 la visi\u00f3n y el compromiso continuo del presidente Humberto Salazar y del Ayuntamiento, as\u00ed como de las \u00e1reas del gobierno. Subray\u00f3 que la Gu\u00eda Consultiva es una herramienta valiosa que utiliza indicadores predefinidos para detectar \u00e1reas de oportunidad.<\/p>\n<p>Enfatiz\u00f3 que el proceso consta de tres pasos fundamentales: en primer lugar, se realiza un diagn\u00f3stico en el que se identifican los elementos que se pueden mejorar. En segundo lugar, se genera un programa de mejora continua con las herramientas de planificaci\u00f3n necesarias para abordar esas \u00e1reas de oportunidad. Finalmente, se lleva a cabo un proceso de revisi\u00f3n para medir el desempe\u00f1o, ya que lo que no se mide no se puede mejorar. En este sentido, consider\u00f3 importante fomentar una cultura de la evaluaci\u00f3n dentro de las administraciones, ya que siempre hay margen para la mejora.<\/p>\n<p>Por \u00faltimo, la representante del Instituto Tecnol\u00f3gico destac\u00f3 que la Gu\u00eda Consultiva es un mecanismo de trabajo para mejorar la administraci\u00f3n p\u00fablica. Por ello, se\u00f1al\u00f3 que cada director debe contar con un manual de organizaci\u00f3n como punto de partida para la mejora del municipio. Record\u00f3 que en la evaluaci\u00f3n anterior, Jerez obtuvo resultados muy favorables y expres\u00f3 su esperanza de que en esta ocasi\u00f3n le\u00a0vaya\u00a0a\u00fan\u00a0mejor.<\/p>\n","protected":false},"excerpt":{"rendered":"<div class=\"mh-excerpt\"><p>El proceso a cargo del Instituto Tecnol\u00f3gico Superior de Zacatecas Sur Inici\u00f3 la fase de revisi\u00f3n y actualizaci\u00f3n de la Gu\u00eda Consultiva de Desempe\u00f1o Municipal, <a class=\"mh-excerpt-more\" href=\"https:\/\/raicesjerezanas.com\/?p=23166\" title=\"EVALUAN EL DESEMPE\u00d1O DE LA ADMINSITRACI\u00d3N MUNICIPAL A TRAV\u00c9S DE LA GU\u00cdA CONSULTIVA\">&#8230;<\/a><\/p>\n<\/div>","protected":false},"author":1,"featured_media":23167,"comment_status":"closed","ping_status":"closed","sticky":false,"template":"","format":"standard","meta":{"footnotes":""},"categories":[102],"tags":[],"class_list":["post-23166","post","type-post","status-publish","format-standard","has-post-thumbnail","hentry","category-noticias-de-jerez"],"_links":{"self":[{"href":"https:\/\/raicesjerezanas.com\/index.php?rest_route=\/wp\/v2\/posts\/23166","targetHints":{"allow":["GET"]}}],"collection":[{"href":"https:\/\/raicesjerezanas.com\/index.php?rest_route=\/wp\/v2\/posts"}],"about":[{"href":"https:\/\/raicesjerezanas.com\/index.php?rest_route=\/wp\/v2\/types\/post"}],"author":[{"embeddable":true,"href":"https:\/\/raicesjerezanas.com\/index.php?rest_route=\/wp\/v2\/users\/1"}],"replies":[{"embeddable":true,"href":"https:\/\/raicesjerezanas.com\/index.php?rest_route=%2Fwp%2Fv2%2Fcomments&post=23166"}],"version-history":[{"count":0,"href":"https:\/\/raicesjerezanas.com\/index.php?rest_route=\/wp\/v2\/posts\/23166\/revisions"}],"wp:featuredmedia":[{"embeddable":true,"href":"https:\/\/raicesjerezanas.com\/index.php?rest_route=\/wp\/v2\/media\/23167"}],"wp:attachment":[{"href":"https:\/\/raicesjerezanas.com\/index.php?rest_route=%2Fwp%2Fv2%2Fmedia&parent=23166"}],"wp:term":[{"taxonomy":"category","embeddable":true,"href":"https:\/\/raicesjerezanas.com\/index.php?rest_route=%2Fwp%2Fv2%2Fcategories&post=23166"},{"taxonomy":"post_tag","embeddable":true,"href":"https:\/\/raicesjerezanas.com\/index.php?rest_route=%2Fwp%2Fv2%2Ftags&post=23166"}],"curies":[{"name":"wp","href":"https:\/\/api.w.org\/{rel}","templated":true}]}}