{"id":23168,"date":"2023-10-04T22:52:57","date_gmt":"2023-10-05T04:52:57","guid":{"rendered":"https:\/\/enconecte.com\/?p=23168"},"modified":"2023-10-04T22:52:57","modified_gmt":"2023-10-05T04:52:57","slug":"dif-jerez-brinda-atencion-a-ninos-y-jovenes-con-discapacidad","status":"publish","type":"post","link":"https:\/\/raicesjerezanas.com\/?p=23168","title":{"rendered":"DIF JEREZ BRINDA ATENCI\u00d3N A NI\u00d1OS Y J\u00d3VENES CON DISCAPACIDAD"},"content":{"rendered":"<p>Las personas con capacidades diferentes, son una prioridad para el DIF Municipal que dirige la presidenta honor\u00edfica Bertha Alicia Garc\u00eda Duarte, por lo que a trav\u00e9s de la Jefatura de Atenci\u00f3n a la Discapacidad e Inclusi\u00f3n, ofrece servicios especializados a ni\u00f1os y j\u00f3venes con discapacidad.<\/p>\n<p>En ese sentido mantiene las puertas abiertas del Centro de Rehabilitaci\u00f3n Infantil y Juvenil de Jerez (CRIJJ) en el que pacientes menores de 18 a\u00f1os con necesidades neurol\u00f3gicas, S\u00edndrome de Down, Autismo, entre otras, pueden acceder a terapias de recuperaci\u00f3n en distintos y requeridos aspectos.<\/p>\n<p>Entre dichas terapias se encuentran la de Lenguaje, F\u00edsica, Estimulaci\u00f3n temprana, Iniciaci\u00f3n escolar, Nutrici\u00f3n, Psicolog\u00eda, Equinoterapia y Aula Multisensorial.<\/p>\n<p>Al momento se atienden a 71 usuarios , y quien est\u00e9 interesado en ingresar a alg\u00fan familiar o allegado puede acudir al DIF o al propio CRIJJ, ubicado en la calle H\u00e9ctor Jos\u00e9 de Lara Huerta sin n\u00famero, que tiene disponible el tel\u00e9fono 494 945 1316, y atiende en un horario de 8:00 de la ma\u00f1ana a 3:00\u00a0de\u00a0la\u00a0tarde.<\/p>\n<p><a href=\"https:\/\/enconecte.com\/wp-content\/uploads\/2023\/10\/Imagen-de-WhatsApp-2023-10-04-a-las-13.07.27_3c10bcd5.jpg\"><img loading=\"lazy\" decoding=\"async\" class=\"alignnone size-full wp-image-23170\" src=\"https:\/\/enconecte.com\/wp-content\/uploads\/2023\/10\/Imagen-de-WhatsApp-2023-10-04-a-las-13.07.27_3c10bcd5.jpg\" alt=\"\" width=\"960\" height=\"1280\" srcset=\"https:\/\/raicesjerezanas.com\/wp-content\/uploads\/2023\/10\/Imagen-de-WhatsApp-2023-10-04-a-las-13.07.27_3c10bcd5.jpg 960w, https:\/\/raicesjerezanas.com\/wp-content\/uploads\/2023\/10\/Imagen-de-WhatsApp-2023-10-04-a-las-13.07.27_3c10bcd5-225x300.jpg 225w, https:\/\/raicesjerezanas.com\/wp-content\/uploads\/2023\/10\/Imagen-de-WhatsApp-2023-10-04-a-las-13.07.27_3c10bcd5-768x1024.jpg 768w\" sizes=\"auto, (max-width: 960px) 100vw, 960px\" \/><\/a><\/p>\n","protected":false},"excerpt":{"rendered":"<div class=\"mh-excerpt\"><p>Las personas con capacidades diferentes, son una prioridad para el DIF Municipal que dirige la presidenta honor\u00edfica Bertha Alicia Garc\u00eda Duarte, por lo que a <a class=\"mh-excerpt-more\" href=\"https:\/\/raicesjerezanas.com\/?p=23168\" title=\"DIF JEREZ BRINDA ATENCI\u00d3N A NI\u00d1OS Y J\u00d3VENES CON DISCAPACIDAD\">&#8230;<\/a><\/p>\n<\/div>","protected":false},"author":1,"featured_media":23169,"comment_status":"closed","ping_status":"closed","sticky":false,"template":"","format":"standard","meta":{"footnotes":""},"categories":[102],"tags":[],"class_list":["post-23168","post","type-post","status-publish","format-standard","has-post-thumbnail","hentry","category-noticias-de-jerez"],"_links":{"self":[{"href":"https:\/\/raicesjerezanas.com\/index.php?rest_route=\/wp\/v2\/posts\/23168","targetHints":{"allow":["GET"]}}],"collection":[{"href":"https:\/\/raicesjerezanas.com\/index.php?rest_route=\/wp\/v2\/posts"}],"about":[{"href":"https:\/\/raicesjerezanas.com\/index.php?rest_route=\/wp\/v2\/types\/post"}],"author":[{"embeddable":true,"href":"https:\/\/raicesjerezanas.com\/index.php?rest_route=\/wp\/v2\/users\/1"}],"replies":[{"embeddable":true,"href":"https:\/\/raicesjerezanas.com\/index.php?rest_route=%2Fwp%2Fv2%2Fcomments&post=23168"}],"version-history":[{"count":0,"href":"https:\/\/raicesjerezanas.com\/index.php?rest_route=\/wp\/v2\/posts\/23168\/revisions"}],"wp:featuredmedia":[{"embeddable":true,"href":"https:\/\/raicesjerezanas.com\/index.php?rest_route=\/wp\/v2\/media\/23169"}],"wp:attachment":[{"href":"https:\/\/raicesjerezanas.com\/index.php?rest_route=%2Fwp%2Fv2%2Fmedia&parent=23168"}],"wp:term":[{"taxonomy":"category","embeddable":true,"href":"https:\/\/raicesjerezanas.com\/index.php?rest_route=%2Fwp%2Fv2%2Fcategories&post=23168"},{"taxonomy":"post_tag","embeddable":true,"href":"https:\/\/raicesjerezanas.com\/index.php?rest_route=%2Fwp%2Fv2%2Ftags&post=23168"}],"curies":[{"name":"wp","href":"https:\/\/api.w.org\/{rel}","templated":true}]}}