{"id":23189,"date":"2023-10-08T23:03:10","date_gmt":"2023-10-09T05:03:10","guid":{"rendered":"https:\/\/enconecte.com\/?p=23189"},"modified":"2023-10-08T23:03:10","modified_gmt":"2023-10-09T05:03:10","slug":"inauguran-empastado-del-estadio-de-beisbol-jerez","status":"publish","type":"post","link":"https:\/\/raicesjerezanas.com\/?p=23189","title":{"rendered":"INAUGURAN EMPASTADO DEL ESTADIO DE B\u00c9ISBOL JEREZ"},"content":{"rendered":"<p>Con el objetivo claro de promover el deporte, proporcionar espacios dignos y de sano esparcimiento en eventos deportivos y familiares, y a la vez cumplir los compromisos de la actual administraci\u00f3n municipal 2021-2024 con el deporte y las familias jerezanas, se realiz\u00f3 la entrega oficial de la rehabilitaci\u00f3n del Estadio de B\u00e9isbol Jerez este domingo. La rehabilitaci\u00f3n incluye el empastado, la rehabilitaci\u00f3n de ba\u00f1os, la pintura, entre otros detalles, que benefician a los deportistas y amantes del rey de los deportes en Jerez. En el evento, se destac\u00f3 la presencia de m\u00e1s de 21 equipos de esta liga y de softbol municipal, que coincidi\u00f3 con los play-offs de la temporada.<\/p>\n<p>Previo al corte de list\u00f3n, el Prof. Armando Qui\u00f1ones Ortiz, coordinador municipal del Deporte, record\u00f3 que desde el inicio de este gobierno se hizo un compromiso con el deporte, y hoy se ve reflejado en distintas disciplinas. Asimismo, especific\u00f3 que esta obra tuvo una inversi\u00f3n de aproximadamente medio mill\u00f3n de pesos, donde se atendieron las necesidades del estadio. Tambi\u00e9n el deportista Rafael Robles agradeci\u00f3 la obra en nombre de los beisbolistas jerezanos.<\/p>\n<p><a href=\"https:\/\/enconecte.com\/wp-content\/uploads\/2023\/10\/Imagen-de-WhatsApp-2023-10-08-a-las-13.51.10_8817a57f.jpg\"><img loading=\"lazy\" decoding=\"async\" class=\"alignnone size-full wp-image-23191\" src=\"https:\/\/enconecte.com\/wp-content\/uploads\/2023\/10\/Imagen-de-WhatsApp-2023-10-08-a-las-13.51.10_8817a57f.jpg\" alt=\"\" width=\"1024\" height=\"768\" srcset=\"https:\/\/raicesjerezanas.com\/wp-content\/uploads\/2023\/10\/Imagen-de-WhatsApp-2023-10-08-a-las-13.51.10_8817a57f.jpg 1024w, https:\/\/raicesjerezanas.com\/wp-content\/uploads\/2023\/10\/Imagen-de-WhatsApp-2023-10-08-a-las-13.51.10_8817a57f-300x225.jpg 300w, https:\/\/raicesjerezanas.com\/wp-content\/uploads\/2023\/10\/Imagen-de-WhatsApp-2023-10-08-a-las-13.51.10_8817a57f-768x576.jpg 768w, https:\/\/raicesjerezanas.com\/wp-content\/uploads\/2023\/10\/Imagen-de-WhatsApp-2023-10-08-a-las-13.51.10_8817a57f-678x509.jpg 678w, https:\/\/raicesjerezanas.com\/wp-content\/uploads\/2023\/10\/Imagen-de-WhatsApp-2023-10-08-a-las-13.51.10_8817a57f-326x245.jpg 326w, https:\/\/raicesjerezanas.com\/wp-content\/uploads\/2023\/10\/Imagen-de-WhatsApp-2023-10-08-a-las-13.51.10_8817a57f-80x60.jpg 80w\" sizes=\"auto, (max-width: 1024px) 100vw, 1024px\" \/><\/a><\/p>\n<p>Frente a los presentes, el Dr. Jos\u00e9 Humberto Salazar Contreras, alcalde de Jerez, reconoci\u00f3 al deporte como la base fundamental para el cambio y la limpieza mental y f\u00edsica. Reiter\u00f3 su compromiso y adelant\u00f3 que se tiene planeado apoyar otros cuatro estadios ubicados en localidades jerezanas.<\/p>\n<p>Durante el evento, hizo acto de presencia la Lic. Julia Olgu\u00edn, subsecretaria de Concertaci\u00f3n Pol\u00edtica, quien reconoci\u00f3 el trabajo realizado en el municipio en pro del deporte. Adem\u00e1s, estuvieron presentes el Lic. Yosafat de la Torre, director de Desarrollo Econ\u00f3mico, y el Mtro. Marco Antonio Valenzuela, director del SIMAPAJ. Tambi\u00e9n se entregaron almohadillas deportivas, se realiz\u00f3 el corte de list\u00f3n oficial y los tiros inaugurales, enmarcados por un encuentro deportivo entre los Diablos de Jerez y los Halcones de la Ermita de Guadalupe en los play-offs, con la participaci\u00f3n de 21 equipos de Jerez, tanto de ligas de b\u00e9isbol como de softbol femenil\u00a0y\u00a0varonil.<\/p>\n<p><a href=\"https:\/\/enconecte.com\/wp-content\/uploads\/2023\/10\/Imagen-de-WhatsApp-2023-10-08-a-las-13.51.11_9a997147.jpg\"><img loading=\"lazy\" decoding=\"async\" class=\"alignnone size-full wp-image-23192\" src=\"https:\/\/enconecte.com\/wp-content\/uploads\/2023\/10\/Imagen-de-WhatsApp-2023-10-08-a-las-13.51.11_9a997147.jpg\" alt=\"\" width=\"1200\" height=\"800\" srcset=\"https:\/\/raicesjerezanas.com\/wp-content\/uploads\/2023\/10\/Imagen-de-WhatsApp-2023-10-08-a-las-13.51.11_9a997147.jpg 1200w, https:\/\/raicesjerezanas.com\/wp-content\/uploads\/2023\/10\/Imagen-de-WhatsApp-2023-10-08-a-las-13.51.11_9a997147-300x200.jpg 300w, https:\/\/raicesjerezanas.com\/wp-content\/uploads\/2023\/10\/Imagen-de-WhatsApp-2023-10-08-a-las-13.51.11_9a997147-1024x683.jpg 1024w, https:\/\/raicesjerezanas.com\/wp-content\/uploads\/2023\/10\/Imagen-de-WhatsApp-2023-10-08-a-las-13.51.11_9a997147-768x512.jpg 768w\" sizes=\"auto, (max-width: 1200px) 100vw, 1200px\" \/><\/a><\/p>\n","protected":false},"excerpt":{"rendered":"<div class=\"mh-excerpt\"><p>Con el objetivo claro de promover el deporte, proporcionar espacios dignos y de sano esparcimiento en eventos deportivos y familiares, y a la vez cumplir <a class=\"mh-excerpt-more\" href=\"https:\/\/raicesjerezanas.com\/?p=23189\" title=\"INAUGURAN EMPASTADO DEL ESTADIO DE B\u00c9ISBOL JEREZ\">&#8230;<\/a><\/p>\n<\/div>","protected":false},"author":1,"featured_media":23190,"comment_status":"closed","ping_status":"closed","sticky":false,"template":"","format":"standard","meta":{"footnotes":""},"categories":[102],"tags":[],"class_list":["post-23189","post","type-post","status-publish","format-standard","has-post-thumbnail","hentry","category-noticias-de-jerez"],"_links":{"self":[{"href":"https:\/\/raicesjerezanas.com\/index.php?rest_route=\/wp\/v2\/posts\/23189","targetHints":{"allow":["GET"]}}],"collection":[{"href":"https:\/\/raicesjerezanas.com\/index.php?rest_route=\/wp\/v2\/posts"}],"about":[{"href":"https:\/\/raicesjerezanas.com\/index.php?rest_route=\/wp\/v2\/types\/post"}],"author":[{"embeddable":true,"href":"https:\/\/raicesjerezanas.com\/index.php?rest_route=\/wp\/v2\/users\/1"}],"replies":[{"embeddable":true,"href":"https:\/\/raicesjerezanas.com\/index.php?rest_route=%2Fwp%2Fv2%2Fcomments&post=23189"}],"version-history":[{"count":0,"href":"https:\/\/raicesjerezanas.com\/index.php?rest_route=\/wp\/v2\/posts\/23189\/revisions"}],"wp:featuredmedia":[{"embeddable":true,"href":"https:\/\/raicesjerezanas.com\/index.php?rest_route=\/wp\/v2\/media\/23190"}],"wp:attachment":[{"href":"https:\/\/raicesjerezanas.com\/index.php?rest_route=%2Fwp%2Fv2%2Fmedia&parent=23189"}],"wp:term":[{"taxonomy":"category","embeddable":true,"href":"https:\/\/raicesjerezanas.com\/index.php?rest_route=%2Fwp%2Fv2%2Fcategories&post=23189"},{"taxonomy":"post_tag","embeddable":true,"href":"https:\/\/raicesjerezanas.com\/index.php?rest_route=%2Fwp%2Fv2%2Ftags&post=23189"}],"curies":[{"name":"wp","href":"https:\/\/api.w.org\/{rel}","templated":true}]}}