{"id":23206,"date":"2023-10-10T23:07:24","date_gmt":"2023-10-11T05:07:24","guid":{"rendered":"https:\/\/enconecte.com\/?p=23206"},"modified":"2023-10-10T23:07:24","modified_gmt":"2023-10-11T05:07:24","slug":"incremento-su-poblacion-la-escuela-de-musica-candelario-huizar","status":"publish","type":"post","link":"https:\/\/raicesjerezanas.com\/?p=23206","title":{"rendered":"INCREMENT\u00d3 SU POBLACI\u00d3N LA ESCUELA DE M\u00daSICA CANDELARIO HU\u00cdZAR"},"content":{"rendered":"<p>La Escuela de M\u00fasica candelario Hu\u00edzar increment\u00f3 su matr\u00edcula para el presente ciclo escolar, con un registr\u00f3 de inscripci\u00f3n de 170 alumnos, en lo que corresponde a talleres y la carrera t\u00e9cnica, adem\u00e1s de que sumaron dos disciplinas m\u00e1s en base a la demanda, que corresponde a los instrumentos de guitarra electr\u00f3nica y contrabajo, con lo que la oferta creci\u00f3 a 17 instrumentos.<\/p>\n<p>La directora del plantel Mar\u00eda Asunci\u00f3n Flores, afirm\u00f3 que el incremento obedeci\u00f3 principalmente a la difusi\u00f3n que se realiz\u00f3, con el apoyo del Ayuntamiento que encabeza el doctor Jos\u00e9 Humberto Salazar Contreras, as\u00ed como el Instituto Jerezano de Cultura; adem\u00e1s como parte de la estrategia, se realiz\u00f3 el examen de admisi\u00f3n en forma p\u00fablica, a trav\u00e9s de redes sociales, lo que fue importante para que se diera a conocer un poco m\u00e1s la instituci\u00f3n, al grado que hay casos de familias completas que se inscribieron.<\/p>\n<p>La escuela ofrece dos modalidades, la de t\u00e9cnico que puede cursarse de los 15 a\u00f1os en adelante y la de taller que acepta ni\u00f1os desde los siete a\u00f1os de edad.<\/p>\n<p>En lo que corresponde a la preparaci\u00f3n acad\u00e9mica como t\u00e9cnicos, consta de ocho semestres y los egresados pueden aspirar a cursar una licenciatura, gracias al acuerdo de validez, mediante el cual, la escuela qued\u00f3 inscrita en el cat\u00e1logo de carreras t\u00e9cnicas a nivel nacional.<\/p>\n<p>La directora afirm\u00f3 que el nivel de preparaci\u00f3n de quienes concluyen la carrera t\u00e9cnica, les da la posibilidad de que una instituci\u00f3n superior les revalide hasta la mitad de los semestres y, por los conocimientos que llevan, puedan concluir la licenciatura en la mitad del tiempo, adem\u00e1s de que a trav\u00e9s de un acuerdo del CECATI con la UZAC, el joven que se grad\u00faa como t\u00e9cnico, puede cursar un diplomado de tres meses, en los que adquiere las herramientas pedag\u00f3gicas, que le permitan integrarse a la docencia, por lo que consider\u00f3 que la expectativa de ingresar a la escuela de m\u00fasica, ahora\u00a0es\u00a0m\u00e1s\u00a0amplia.<\/p>\n","protected":false},"excerpt":{"rendered":"<div class=\"mh-excerpt\"><p>La Escuela de M\u00fasica candelario Hu\u00edzar increment\u00f3 su matr\u00edcula para el presente ciclo escolar, con un registr\u00f3 de inscripci\u00f3n de 170 alumnos, en lo que <a class=\"mh-excerpt-more\" href=\"https:\/\/raicesjerezanas.com\/?p=23206\" title=\"INCREMENT\u00d3 SU POBLACI\u00d3N LA ESCUELA DE M\u00daSICA CANDELARIO HU\u00cdZAR\">&#8230;<\/a><\/p>\n<\/div>","protected":false},"author":1,"featured_media":23207,"comment_status":"closed","ping_status":"closed","sticky":false,"template":"","format":"standard","meta":{"footnotes":""},"categories":[102],"tags":[],"class_list":["post-23206","post","type-post","status-publish","format-standard","has-post-thumbnail","hentry","category-noticias-de-jerez"],"_links":{"self":[{"href":"https:\/\/raicesjerezanas.com\/index.php?rest_route=\/wp\/v2\/posts\/23206","targetHints":{"allow":["GET"]}}],"collection":[{"href":"https:\/\/raicesjerezanas.com\/index.php?rest_route=\/wp\/v2\/posts"}],"about":[{"href":"https:\/\/raicesjerezanas.com\/index.php?rest_route=\/wp\/v2\/types\/post"}],"author":[{"embeddable":true,"href":"https:\/\/raicesjerezanas.com\/index.php?rest_route=\/wp\/v2\/users\/1"}],"replies":[{"embeddable":true,"href":"https:\/\/raicesjerezanas.com\/index.php?rest_route=%2Fwp%2Fv2%2Fcomments&post=23206"}],"version-history":[{"count":0,"href":"https:\/\/raicesjerezanas.com\/index.php?rest_route=\/wp\/v2\/posts\/23206\/revisions"}],"wp:featuredmedia":[{"embeddable":true,"href":"https:\/\/raicesjerezanas.com\/index.php?rest_route=\/wp\/v2\/media\/23207"}],"wp:attachment":[{"href":"https:\/\/raicesjerezanas.com\/index.php?rest_route=%2Fwp%2Fv2%2Fmedia&parent=23206"}],"wp:term":[{"taxonomy":"category","embeddable":true,"href":"https:\/\/raicesjerezanas.com\/index.php?rest_route=%2Fwp%2Fv2%2Fcategories&post=23206"},{"taxonomy":"post_tag","embeddable":true,"href":"https:\/\/raicesjerezanas.com\/index.php?rest_route=%2Fwp%2Fv2%2Ftags&post=23206"}],"curies":[{"name":"wp","href":"https:\/\/api.w.org\/{rel}","templated":true}]}}