{"id":23212,"date":"2023-10-11T10:07:48","date_gmt":"2023-10-11T16:07:48","guid":{"rendered":"https:\/\/enconecte.com\/?p=23212"},"modified":"2023-10-11T10:07:48","modified_gmt":"2023-10-11T16:07:48","slug":"inicia-la-rehabilitacion-de-la-carretera-a-la-gavia","status":"publish","type":"post","link":"https:\/\/raicesjerezanas.com\/?p=23212","title":{"rendered":"INICIA LA REHABILITACI\u00d3N DE LA CARRETERA A LA GAVIA"},"content":{"rendered":"<p>&#8211; Adem\u00e1s de encontrar un municipio endeudado, tambi\u00e9n se recibi\u00f3 una red carretera en deplorables condiciones<br \/>\n&#8211; La segunda etapa del proyecto considera la reposici\u00f3n de la carpeta, en conjunto con el Gobierno del Estado<\/p>\n<p>El alcalde Jos\u00e9 Humberto Salazar Contreras dio el banderazo de salida a la obra de rehabilitaci\u00f3n de la carretera que conduce a la comunidad de La Gavia, en respuesta a una muy a\u00f1eja solicitud hecha por los vecinos de las tres comunidades beneficiadas, a las autoridades municipales de varias administraciones y que desafortunadamente no hab\u00edan encontrado eco, hasta ahora.<\/p>\n<p>Durante el evento protocolario, el doctor Salazar lament\u00f3 el estado en que se recibieron los caminos pavimentados del municipio, aparte del desorden y la fuerte deuda heredada, sumado a la etapa de incertidumbre de seguridad, en la que se dio el arranque de la administraci\u00f3n, sin embargo, dijo, no se han dejado desprotegidos a los diversos sectores de la poblaci\u00f3n y, sobre todo, a las comunidades que, reconoci\u00f3, son las que le dan fuerza y cuerpo al municipio.<\/p>\n<p>En presencia de los delegados de las tres poblaciones rurales beneficiadas, Samuel Vald\u00e9s Delgado, de La Gavia; Alejandro Ju\u00e1rez, de los R\u00edos; Armando Rodr\u00edguez de La Labor y, como testigo, Juan Carlos P\u00e9rez Alvarado del Ni\u00f1o Jes\u00fas, as\u00ed como vecinos de la regi\u00f3n, inici\u00f3 la obra que, de acuerdo con lo informado por el director de Obras y Servicios P\u00fablicos Alfredo Mar\u00edn Luna, consistir\u00e1 en dos tipos de bacheo, superficial y profundo, seg\u00fan el da\u00f1o que exista bajo la superficie, a causa de la humedad acumulada; podr\u00eda en algunas partes requerirse extraer en su totalidad el material inservible, cambiar el relleno y efectuar compactaci\u00f3n de la base hidr\u00e1ulica, para concluir con el riego de sello y liga.<\/p>\n<p>Est\u00e1 primera fase est\u00e1 a cargo del municipio y con la superficie preparada, vendr\u00eda una segunda etapa que es el reencarpetamiento, que se realizar\u00e1 en coordinaci\u00f3n con el gobierno del estado. Luna Mar\u00edn explic\u00f3 que la idea es que los trabajos que se realicen sean de la mejor calidad, para que los pobladores tengan un camino funcional y con mayor duraci\u00f3n, pues de poco servir\u00eda colocar la nueva carpeta, si no se trabaja primero en la recuperaci\u00f3n de la base.<\/p>\n<p><a href=\"https:\/\/enconecte.com\/wp-content\/uploads\/2023\/11\/Imagen-de-WhatsApp-2023-10-11-a-las-20.49.35_fba044b0.jpg\"><img loading=\"lazy\" decoding=\"async\" class=\"alignnone size-full wp-image-23213\" src=\"https:\/\/enconecte.com\/wp-content\/uploads\/2023\/11\/Imagen-de-WhatsApp-2023-10-11-a-las-20.49.35_fba044b0.jpg\" alt=\"\" width=\"1200\" height=\"800\" srcset=\"https:\/\/raicesjerezanas.com\/wp-content\/uploads\/2023\/11\/Imagen-de-WhatsApp-2023-10-11-a-las-20.49.35_fba044b0.jpg 1200w, https:\/\/raicesjerezanas.com\/wp-content\/uploads\/2023\/11\/Imagen-de-WhatsApp-2023-10-11-a-las-20.49.35_fba044b0-300x200.jpg 300w, https:\/\/raicesjerezanas.com\/wp-content\/uploads\/2023\/11\/Imagen-de-WhatsApp-2023-10-11-a-las-20.49.35_fba044b0-1024x683.jpg 1024w, https:\/\/raicesjerezanas.com\/wp-content\/uploads\/2023\/11\/Imagen-de-WhatsApp-2023-10-11-a-las-20.49.35_fba044b0-768x512.jpg 768w\" sizes=\"auto, (max-width: 1200px) 100vw, 1200px\" \/><\/a><\/p>\n<p>A nombre de los vecinos de las tres comunidades Samuel Valdez, delegado municipal de La Gavia, agradeci\u00f3 que, entre las muchas necesidades que hay en las carreteras del municipio, la autoridad haya volteado hacia esta regi\u00f3n y luego de que se le respondieran abiertamente una serie de inquietudes con respecto de la obra, declar\u00f3 que tienen listo su comit\u00e9, para trabajar en lo que venga, junto con las autoridades.<\/p>\n<p>El presidente municipal Jos\u00e9 Humberto Salazar Contreras ratific\u00f3 su determinaci\u00f3n de trabajar de la mano con el gobierno del estado y los beneficiarios; afirm\u00f3 que el compromiso expresado por el gobernador David Monreal \u00c1vila, es que por cada peso que el municipio aporte, el ejecutivo estatal destinar\u00e1 dos m\u00e1s, esto en materia de reparaci\u00f3n de la red carretera y en ese sentido pidi\u00f3 la colaboraci\u00f3n de los beneficiarios, para llevar a cabo el proyecto de reencarpetamiento de los 6 kil\u00f3metros que conforman el camino.<\/p>\n<p>Acompa\u00f1ado de los regidores Ana Yajaira F\u00e9lix Rivera y Luis Mario Mart\u00ednez Aparicio as\u00ed como los directores de Desarrollo Econ\u00f3mico y Social David Josafat de la Torre Pinedo y de SIMAPAJ, Marco Antonio Valenzuela Esquivel, adem\u00e1s de jefes de departamento y subdirectores de \u00e1reas, el doctor Salazar expres\u00f3 su decisi\u00f3n de que, mientras est\u00e9 al frente de la administraci\u00f3n no dejar\u00e1 de trabajar\u00a0un\u00a0solo\u00a0minuto.<\/p>\n","protected":false},"excerpt":{"rendered":"<div class=\"mh-excerpt\"><p>&#8211; Adem\u00e1s de encontrar un municipio endeudado, tambi\u00e9n se recibi\u00f3 una red carretera en deplorables condiciones &#8211; La segunda etapa del proyecto considera la reposici\u00f3n <a class=\"mh-excerpt-more\" href=\"https:\/\/raicesjerezanas.com\/?p=23212\" title=\"INICIA LA REHABILITACI\u00d3N DE LA CARRETERA A LA GAVIA\">&#8230;<\/a><\/p>\n<\/div>","protected":false},"author":1,"featured_media":23214,"comment_status":"closed","ping_status":"closed","sticky":false,"template":"","format":"standard","meta":{"footnotes":""},"categories":[102],"tags":[],"class_list":["post-23212","post","type-post","status-publish","format-standard","has-post-thumbnail","hentry","category-noticias-de-jerez"],"_links":{"self":[{"href":"https:\/\/raicesjerezanas.com\/index.php?rest_route=\/wp\/v2\/posts\/23212","targetHints":{"allow":["GET"]}}],"collection":[{"href":"https:\/\/raicesjerezanas.com\/index.php?rest_route=\/wp\/v2\/posts"}],"about":[{"href":"https:\/\/raicesjerezanas.com\/index.php?rest_route=\/wp\/v2\/types\/post"}],"author":[{"embeddable":true,"href":"https:\/\/raicesjerezanas.com\/index.php?rest_route=\/wp\/v2\/users\/1"}],"replies":[{"embeddable":true,"href":"https:\/\/raicesjerezanas.com\/index.php?rest_route=%2Fwp%2Fv2%2Fcomments&post=23212"}],"version-history":[{"count":0,"href":"https:\/\/raicesjerezanas.com\/index.php?rest_route=\/wp\/v2\/posts\/23212\/revisions"}],"wp:featuredmedia":[{"embeddable":true,"href":"https:\/\/raicesjerezanas.com\/index.php?rest_route=\/wp\/v2\/media\/23214"}],"wp:attachment":[{"href":"https:\/\/raicesjerezanas.com\/index.php?rest_route=%2Fwp%2Fv2%2Fmedia&parent=23212"}],"wp:term":[{"taxonomy":"category","embeddable":true,"href":"https:\/\/raicesjerezanas.com\/index.php?rest_route=%2Fwp%2Fv2%2Fcategories&post=23212"},{"taxonomy":"post_tag","embeddable":true,"href":"https:\/\/raicesjerezanas.com\/index.php?rest_route=%2Fwp%2Fv2%2Ftags&post=23212"}],"curies":[{"name":"wp","href":"https:\/\/api.w.org\/{rel}","templated":true}]}}