{"id":23218,"date":"2023-10-13T10:09:56","date_gmt":"2023-10-13T16:09:56","guid":{"rendered":"https:\/\/enconecte.com\/?p=23218"},"modified":"2023-10-13T10:09:56","modified_gmt":"2023-10-13T16:09:56","slug":"secampo-y-gobierno-municipal-entregan-importantes-apoyos-dentro-del-programa-municipalizacion-del-desarrollo-rural","status":"publish","type":"post","link":"https:\/\/raicesjerezanas.com\/?p=23218","title":{"rendered":"SECAMPO Y GOBIERNO MUNICIPAL ENTREGAN IMPORTANTES APOYOS DENTRO DEL PROGRAMA MUNICIPALIZACI\u00d3N DEL DESARROLLO RURAL"},"content":{"rendered":"<ul>\n<li>Destaca el alcalde Humberto Salazar el trabajo en unidad con el gobierno del estado y los beneficiarios, para lograr mejores resultados<\/li>\n<\/ul>\n<p>Las autoridades locales y estatales llevaron a cabo la entrega de la segunda parte del programa de Municipalizaci\u00f3n del Desarrollo Rural de la Secretar\u00eda del Campo (SECAMPO), en beneficio de 118 productores en Jerez, pertenecientes a 41 comunidades. Estos productores recibieron implementos agr\u00edcolas, llantas, tubos de compuerta y material ap\u00edcola. Sumando esta fase con la primera, el monto total alcanza los 6 millones 600 mil pesos, teniendo en cuenta la contribuci\u00f3n del gobierno estatal, el municipio y los 230 beneficiarios que recibieron apoyo del programa.<\/p>\n<p>El evento fue encabezado por la subsecretaria de Concertaci\u00f3n Pol\u00edtica y Atenci\u00f3n Ciudadana, Julia Olgu\u00edn Serna, en representaci\u00f3n del gobernador del estado, David Monreal \u00c1vila. Tambi\u00e9n estuvieron presentes el alcalde, Jos\u00e9 Humberto Salazar Contreras, el subsecretario del campo, Jos\u00e9 Rodr\u00edguez Garc\u00eda, entre otras autoridades de la secretar\u00eda y el municipio.<\/p>\n<p>Al dar la bienvenida a invitados y productores, el Dr. Salazar destac\u00f3 la importancia del trabajo conjunto que se realiza con el ejecutivo estatal, el Ayuntamiento y los beneficiarios, logrando apoyos que benefician la productividad del municipio y las comunidades favorecidas con el programa. Reiter\u00f3 su compromiso con el sector agr\u00edcola y ganadero, se\u00f1alando que el coraz\u00f3n del municipio reside en la agricultura y la ganader\u00eda, ya que el campo es lo que nos proporciona alimentos. Afirm\u00f3 que se seguir\u00e1 trabajando en colaboraci\u00f3n con este sector, con la certeza de que juntos pueden lograr mucho m\u00e1s.<\/p>\n<p>Julia Olgu\u00edn Serna expres\u00f3 su acuerdo en que el trabajo conjunto produce resultados m\u00e1s positivos. Destac\u00f3 la unidad y la visi\u00f3n municipalista del gobernador David Monreal \u00c1vila y afirm\u00f3 que, a pesar de la sequ\u00eda y otros factores, es necesario buscar mecanismos de ayuda, algo que el gobernador ha estado haciendo en colaboraci\u00f3n con el alcalde Humberto Salazar.<\/p>\n<p>&nbsp;<\/p>\n<p>Jos\u00e9 Rodr\u00edguez Garc\u00eda subray\u00f3 la importancia de seguir trabajando de manera conjunta para lograr resultados m\u00e1s significativos y vislumbrar un futuro m\u00e1s pr\u00f3spero y prometedor. Agreg\u00f3 que los apoyos otorgados este d\u00eda no son decisiones tomadas detr\u00e1s de un escritorio, sino que los propios productores expresaron sus necesidades, y ah\u00ed reside la importancia de la pol\u00edtica p\u00fablica del gobernador David Monreal para el campo: proporcionar a los productores lo que ellos realmente necesitan.<\/p>\n<p>En nombre de los beneficiarios, Rosendo del R\u00edo Murillo agradeci\u00f3 el apoyo y destac\u00f3 la eficiencia en el proceso, que no requiri\u00f3 m\u00e1s esfuerzo que la entrega de la documentaci\u00f3n, ya que las autoridades dieron un seguimiento efectivo para obtener estos beneficios, que consider\u00f3 de gran utilidad para la modernizaci\u00f3n del campo.<\/p>\n<p>En el evento estuvieron tambi\u00e9n presentes los regidores Martha Alamillo Guzm\u00e1n y Luis Mario Mart\u00ednez Aparicio, la directora de Desarrollo Rural en la SECAMPO, Lizeth Reyna Zacar\u00edas; el encargado de la direcci\u00f3n de apoyo operativo, Miguel \u00c1ngel Ram\u00edrez; el director de Desarrollo Econ\u00f3mico y Social, David Josafat de la Torre Pinedo; Ram\u00f3n Lujan Casas, coordinador regional de enlaces de SECAMPO; y Jos\u00e9 Alberto Murillo Lozano, jefe del Departamento de Desarrollo Agropecuario en\u00a0el\u00a0municipio.<\/p>\n","protected":false},"excerpt":{"rendered":"<div class=\"mh-excerpt\"><p>Destaca el alcalde Humberto Salazar el trabajo en unidad con el gobierno del estado y los beneficiarios, para lograr mejores resultados Las autoridades locales y <a class=\"mh-excerpt-more\" href=\"https:\/\/raicesjerezanas.com\/?p=23218\" title=\"SECAMPO Y GOBIERNO MUNICIPAL ENTREGAN IMPORTANTES APOYOS DENTRO DEL PROGRAMA MUNICIPALIZACI\u00d3N DEL DESARROLLO RURAL\">&#8230;<\/a><\/p>\n<\/div>","protected":false},"author":1,"featured_media":23220,"comment_status":"closed","ping_status":"closed","sticky":false,"template":"","format":"standard","meta":{"footnotes":""},"categories":[102],"tags":[],"class_list":["post-23218","post","type-post","status-publish","format-standard","has-post-thumbnail","hentry","category-noticias-de-jerez"],"_links":{"self":[{"href":"https:\/\/raicesjerezanas.com\/index.php?rest_route=\/wp\/v2\/posts\/23218","targetHints":{"allow":["GET"]}}],"collection":[{"href":"https:\/\/raicesjerezanas.com\/index.php?rest_route=\/wp\/v2\/posts"}],"about":[{"href":"https:\/\/raicesjerezanas.com\/index.php?rest_route=\/wp\/v2\/types\/post"}],"author":[{"embeddable":true,"href":"https:\/\/raicesjerezanas.com\/index.php?rest_route=\/wp\/v2\/users\/1"}],"replies":[{"embeddable":true,"href":"https:\/\/raicesjerezanas.com\/index.php?rest_route=%2Fwp%2Fv2%2Fcomments&post=23218"}],"version-history":[{"count":0,"href":"https:\/\/raicesjerezanas.com\/index.php?rest_route=\/wp\/v2\/posts\/23218\/revisions"}],"wp:featuredmedia":[{"embeddable":true,"href":"https:\/\/raicesjerezanas.com\/index.php?rest_route=\/wp\/v2\/media\/23220"}],"wp:attachment":[{"href":"https:\/\/raicesjerezanas.com\/index.php?rest_route=%2Fwp%2Fv2%2Fmedia&parent=23218"}],"wp:term":[{"taxonomy":"category","embeddable":true,"href":"https:\/\/raicesjerezanas.com\/index.php?rest_route=%2Fwp%2Fv2%2Fcategories&post=23218"},{"taxonomy":"post_tag","embeddable":true,"href":"https:\/\/raicesjerezanas.com\/index.php?rest_route=%2Fwp%2Fv2%2Ftags&post=23218"}],"curies":[{"name":"wp","href":"https:\/\/api.w.org\/{rel}","templated":true}]}}