{"id":23221,"date":"2023-10-14T10:11:21","date_gmt":"2023-10-14T16:11:21","guid":{"rendered":"https:\/\/enconecte.com\/?p=23221"},"modified":"2023-10-14T10:11:21","modified_gmt":"2023-10-14T16:11:21","slug":"ijc-reune-a-jerezanos-emocionados-y-expectantes-para-observar-el-eclipse-anular-solar","status":"publish","type":"post","link":"https:\/\/raicesjerezanas.com\/?p=23221","title":{"rendered":"IJC RE\u00daNE A JEREZANOS EMOCIONADOS Y EXPECTANTES PARA OBSERVAR EL ECLIPSE ANULAR SOLAR"},"content":{"rendered":"<p>Con el prop\u00f3sito de promover la sana convivencia familiar y la divulgaci\u00f3n cient\u00edfica, el Ayuntamiento de Jerez, a trav\u00e9s del Instituto Jerezano de Cultura, llev\u00f3 a cabo la actividad \u00ab\u00a1Veamos juntos el eclipse!\u00bb frente al Museo Comunitario. Durante esta actividad, se instal\u00f3 un tendedero de gafas especiales y se ofreci\u00f3 una charla amena sobre dicho fen\u00f3meno natural. La charla comenz\u00f3 minutos antes de que el eclipse solar anular iniciara y concluy\u00f3 pasadas las horas del mediod\u00eda.<\/p>\n<p>Desde la ma\u00f1ana, el personal del Instituto Jerezano de Cultura instal\u00f3 el tendedero solar con gafas especiales que permitieron la observaci\u00f3n segura del eclipse solar anular, un fen\u00f3meno natural que no se hab\u00eda podido observar en el pa\u00eds desde 1991. El lugar elegido fue el jard\u00edn Hidalgo, ubicado en la calle Del Reloj y Salvador Varela. El p\u00fablico, de todas las edades, observ\u00f3 emocionado un fen\u00f3meno que es menos com\u00fan que el eclipse total de sol.<\/p>\n<p>En presencia de los observadores, el equipo del Instituto Jerezano de Cultura, compuesto por Lorena Guti\u00e9rrez, Julieta Rodr\u00edguez, Dania Mu\u00f1oz, Mart\u00edn Mar\u00edn, y su director, V\u00edctor Huizar Iturriaga, compartieron con los asistentes datos hist\u00f3ricos, informaci\u00f3n relevante sobre los riesgos de la observaci\u00f3n directa del eclipse, as\u00ed como m\u00e9todos seguros para hacerlo. Tambi\u00e9n se habl\u00f3 de las fases de la Luna, mitos y realidades, adem\u00e1s de curiosidades poco conocidas, como el origen del uso de un cord\u00f3n rojo para proteger a los beb\u00e9s reci\u00e9n nacidos, que se remonta a los Aztecas. Se proporcion\u00f3 informaci\u00f3n sobre el d\u00eda actual y se adelant\u00f3 sobre el eclipse que ocurrir\u00e1 en abril del pr\u00f3ximo a\u00f1o, fecha en la cual se podr\u00e1 observar el fen\u00f3meno natural en un 95% en nuestro Pueblo M\u00e1gico.<\/p>\n<p>La semana pasada, previo al ejercicio de observaci\u00f3n, el Instituto Jerezano de Cultura organiz\u00f3 una conferencia para padres de familia, ni\u00f1os y j\u00f3venes acerca de los eclipses solares. Lorena Guti\u00e9rrez confirm\u00f3 nuevamente que se llevar\u00e1 a cabo otra conferencia para el eclipse programado para el 8 de abril de 2024, donde los asistentes, entre otras cosas, tendr\u00e1n la oportunidad de fabricar su propio telescopio casero y adquirir informaci\u00f3n importante sobre\u00a0el\u00a0firmamento.<\/p>\n","protected":false},"excerpt":{"rendered":"<div class=\"mh-excerpt\"><p>Con el prop\u00f3sito de promover la sana convivencia familiar y la divulgaci\u00f3n cient\u00edfica, el Ayuntamiento de Jerez, a trav\u00e9s del Instituto Jerezano de Cultura, llev\u00f3 <a class=\"mh-excerpt-more\" href=\"https:\/\/raicesjerezanas.com\/?p=23221\" title=\"IJC RE\u00daNE A JEREZANOS EMOCIONADOS Y EXPECTANTES PARA OBSERVAR EL ECLIPSE ANULAR SOLAR\">&#8230;<\/a><\/p>\n<\/div>","protected":false},"author":1,"featured_media":23222,"comment_status":"closed","ping_status":"closed","sticky":false,"template":"","format":"standard","meta":{"footnotes":""},"categories":[102],"tags":[],"class_list":["post-23221","post","type-post","status-publish","format-standard","has-post-thumbnail","hentry","category-noticias-de-jerez"],"_links":{"self":[{"href":"https:\/\/raicesjerezanas.com\/index.php?rest_route=\/wp\/v2\/posts\/23221","targetHints":{"allow":["GET"]}}],"collection":[{"href":"https:\/\/raicesjerezanas.com\/index.php?rest_route=\/wp\/v2\/posts"}],"about":[{"href":"https:\/\/raicesjerezanas.com\/index.php?rest_route=\/wp\/v2\/types\/post"}],"author":[{"embeddable":true,"href":"https:\/\/raicesjerezanas.com\/index.php?rest_route=\/wp\/v2\/users\/1"}],"replies":[{"embeddable":true,"href":"https:\/\/raicesjerezanas.com\/index.php?rest_route=%2Fwp%2Fv2%2Fcomments&post=23221"}],"version-history":[{"count":0,"href":"https:\/\/raicesjerezanas.com\/index.php?rest_route=\/wp\/v2\/posts\/23221\/revisions"}],"wp:featuredmedia":[{"embeddable":true,"href":"https:\/\/raicesjerezanas.com\/index.php?rest_route=\/wp\/v2\/media\/23222"}],"wp:attachment":[{"href":"https:\/\/raicesjerezanas.com\/index.php?rest_route=%2Fwp%2Fv2%2Fmedia&parent=23221"}],"wp:term":[{"taxonomy":"category","embeddable":true,"href":"https:\/\/raicesjerezanas.com\/index.php?rest_route=%2Fwp%2Fv2%2Fcategories&post=23221"},{"taxonomy":"post_tag","embeddable":true,"href":"https:\/\/raicesjerezanas.com\/index.php?rest_route=%2Fwp%2Fv2%2Ftags&post=23221"}],"curies":[{"name":"wp","href":"https:\/\/api.w.org\/{rel}","templated":true}]}}