{"id":23223,"date":"2023-10-15T10:12:15","date_gmt":"2023-10-15T16:12:15","guid":{"rendered":"https:\/\/enconecte.com\/?p=23223"},"modified":"2023-10-15T10:12:15","modified_gmt":"2023-10-15T16:12:15","slug":"inicio-la-liga-premier-de-tercera-division-con-lobos-fc-jerez","status":"publish","type":"post","link":"https:\/\/raicesjerezanas.com\/?p=23223","title":{"rendered":"INICI\u00d3 LA LIGA PREMIER DE TERCERA DIVISI\u00d3N, CON LOBOS FC JEREZ"},"content":{"rendered":"<ul>\n<li>La presidenta honor\u00edfica del DIF Bertha Alicia Garc\u00eda Duarte encabez\u00f3 el protocolo inaugural<\/li>\n<\/ul>\n<p>La presidenta honor\u00edfica del DIF Jerez, Bertha Alicia Garc\u00eda Duarte, particip\u00f3 como invitada especial en el protocolo inaugural del torneo de la Tercera Divisi\u00f3n Premier de f\u00fatbol, en el que el equipo Lobos FC Jerez representa al balompi\u00e9 local durante la temporada actual. El evento se llev\u00f3 a cabo en la Unidad Deportiva.<\/p>\n<p>La esposa del presidente Humberto Salazar Contreras afirm\u00f3 que el alcalde se ha enfocado en apoyar el deporte y celebr\u00f3 que cada vez m\u00e1s j\u00f3venes se cultiven a trav\u00e9s de alguna disciplina deportiva, ya que es la forma m\u00e1s apropiada de canalizar su energ\u00eda en esta etapa.<\/p>\n<p>En el evento, la presidenta del DIF estuvo acompa\u00f1ada por el director de Desarrollo Econ\u00f3mico y Social, David Josafat de la Torre Pinedo, as\u00ed como por el coordinador municipal del deporte, Armando Qui\u00f1ones Ortiz, y el impulsor de j\u00f3venes futbolistas, Benjam\u00edn Leija Muro, quien forma parte del equipo t\u00e9cnico junto a Luis Felipe Sandoval Trujillo.<\/p>\n<p><a href=\"https:\/\/enconecte.com\/wp-content\/uploads\/2023\/11\/Imagen-de-WhatsApp-2023-10-15-a-las-08.30.32_73bd53f3.jpg\"><img loading=\"lazy\" decoding=\"async\" class=\"alignnone size-full wp-image-23224\" src=\"https:\/\/enconecte.com\/wp-content\/uploads\/2023\/11\/Imagen-de-WhatsApp-2023-10-15-a-las-08.30.32_73bd53f3.jpg\" alt=\"\" width=\"1600\" height=\"1066\" srcset=\"https:\/\/raicesjerezanas.com\/wp-content\/uploads\/2023\/11\/Imagen-de-WhatsApp-2023-10-15-a-las-08.30.32_73bd53f3.jpg 1600w, https:\/\/raicesjerezanas.com\/wp-content\/uploads\/2023\/11\/Imagen-de-WhatsApp-2023-10-15-a-las-08.30.32_73bd53f3-300x200.jpg 300w, https:\/\/raicesjerezanas.com\/wp-content\/uploads\/2023\/11\/Imagen-de-WhatsApp-2023-10-15-a-las-08.30.32_73bd53f3-1024x682.jpg 1024w, https:\/\/raicesjerezanas.com\/wp-content\/uploads\/2023\/11\/Imagen-de-WhatsApp-2023-10-15-a-las-08.30.32_73bd53f3-768x512.jpg 768w, https:\/\/raicesjerezanas.com\/wp-content\/uploads\/2023\/11\/Imagen-de-WhatsApp-2023-10-15-a-las-08.30.32_73bd53f3-1536x1023.jpg 1536w\" sizes=\"auto, (max-width: 1600px) 100vw, 1600px\" \/><\/a><\/p>\n<p>Durante la ceremonia, se realiz\u00f3 un reconocimiento p\u00fablico al equipo jerezano, que recientemente obtuvo el campeonato estatal de la prestigiosa Copa Telmex y representar\u00e1 a la entidad a nivel nacional. Este equipo es la base del conjunto jerezano en la Liga Premier de Tercera Divisi\u00f3n.<\/p>\n<p>En este torneo participan los representativos de la UAZ, con sus equipos A y B; Plateros de Fresnillo, Ganaderos de Calera, Cuauht\u00e9moc, Real Sociedad, \u00c1guilas Reales de Sauceda de la Borda y Lobos FC Jerez. Los partidos de local se jugar\u00e1n cada 15 d\u00edas en la cancha de la Unidad Deportiva a las 15:00 horas, y cada dos semanas tendr\u00e1n partidos\u00a0de\u00a0visitante.<\/p>\n","protected":false},"excerpt":{"rendered":"<div class=\"mh-excerpt\"><p>La presidenta honor\u00edfica del DIF Bertha Alicia Garc\u00eda Duarte encabez\u00f3 el protocolo inaugural La presidenta honor\u00edfica del DIF Jerez, Bertha Alicia Garc\u00eda Duarte, particip\u00f3 como <a class=\"mh-excerpt-more\" href=\"https:\/\/raicesjerezanas.com\/?p=23223\" title=\"INICI\u00d3 LA LIGA PREMIER DE TERCERA DIVISI\u00d3N, CON LOBOS FC JEREZ\">&#8230;<\/a><\/p>\n<\/div>","protected":false},"author":1,"featured_media":23225,"comment_status":"closed","ping_status":"closed","sticky":false,"template":"","format":"standard","meta":{"footnotes":""},"categories":[102],"tags":[],"class_list":["post-23223","post","type-post","status-publish","format-standard","has-post-thumbnail","hentry","category-noticias-de-jerez"],"_links":{"self":[{"href":"https:\/\/raicesjerezanas.com\/index.php?rest_route=\/wp\/v2\/posts\/23223","targetHints":{"allow":["GET"]}}],"collection":[{"href":"https:\/\/raicesjerezanas.com\/index.php?rest_route=\/wp\/v2\/posts"}],"about":[{"href":"https:\/\/raicesjerezanas.com\/index.php?rest_route=\/wp\/v2\/types\/post"}],"author":[{"embeddable":true,"href":"https:\/\/raicesjerezanas.com\/index.php?rest_route=\/wp\/v2\/users\/1"}],"replies":[{"embeddable":true,"href":"https:\/\/raicesjerezanas.com\/index.php?rest_route=%2Fwp%2Fv2%2Fcomments&post=23223"}],"version-history":[{"count":0,"href":"https:\/\/raicesjerezanas.com\/index.php?rest_route=\/wp\/v2\/posts\/23223\/revisions"}],"wp:featuredmedia":[{"embeddable":true,"href":"https:\/\/raicesjerezanas.com\/index.php?rest_route=\/wp\/v2\/media\/23225"}],"wp:attachment":[{"href":"https:\/\/raicesjerezanas.com\/index.php?rest_route=%2Fwp%2Fv2%2Fmedia&parent=23223"}],"wp:term":[{"taxonomy":"category","embeddable":true,"href":"https:\/\/raicesjerezanas.com\/index.php?rest_route=%2Fwp%2Fv2%2Fcategories&post=23223"},{"taxonomy":"post_tag","embeddable":true,"href":"https:\/\/raicesjerezanas.com\/index.php?rest_route=%2Fwp%2Fv2%2Ftags&post=23223"}],"curies":[{"name":"wp","href":"https:\/\/api.w.org\/{rel}","templated":true}]}}