{"id":23250,"date":"2023-10-20T10:20:44","date_gmt":"2023-10-20T16:20:44","guid":{"rendered":"https:\/\/enconecte.com\/?p=23250"},"modified":"2023-10-20T10:20:44","modified_gmt":"2023-10-20T16:20:44","slug":"dif-jerez-se-une-a-celebracion-de-la-semana-del-adulto-mayor-del-cebis","status":"publish","type":"post","link":"https:\/\/raicesjerezanas.com\/?p=23250","title":{"rendered":"DIF JEREZ SE UNE A CELEBRACI\u00d3N DE LA SEMANA DEL ADULTO MAYOR DEL CEBIS"},"content":{"rendered":"<p>El Centro de Bienestar Social (CEBIS) de Jerez, celebr\u00f3 su Semana del Adulto Mayor a la que se uni\u00f3 el DIF de Jerez, encabezado por la presidenta honor\u00edfica Bertha Alicia Garc\u00eda Duarte.<\/p>\n<p>Luego de realizar varias actividades en beneficio de los abuelos que acuden al Centro, como consultas y pl\u00e1ticas de salud integral en las que personal del DIF Municipal particip\u00f3 activamente, la semana culmin\u00f3 con un\u00a0ameno\u00a0convivio.<\/p>\n<p><a href=\"https:\/\/enconecte.com\/wp-content\/uploads\/2023\/11\/Imagen-de-WhatsApp-2023-10-20-a-las-13.04.27_ec329d27.jpg\"><img loading=\"lazy\" decoding=\"async\" class=\"alignnone size-full wp-image-23252\" src=\"https:\/\/enconecte.com\/wp-content\/uploads\/2023\/11\/Imagen-de-WhatsApp-2023-10-20-a-las-13.04.27_ec329d27.jpg\" alt=\"\" width=\"1600\" height=\"1200\" srcset=\"https:\/\/raicesjerezanas.com\/wp-content\/uploads\/2023\/11\/Imagen-de-WhatsApp-2023-10-20-a-las-13.04.27_ec329d27.jpg 1600w, https:\/\/raicesjerezanas.com\/wp-content\/uploads\/2023\/11\/Imagen-de-WhatsApp-2023-10-20-a-las-13.04.27_ec329d27-300x225.jpg 300w, https:\/\/raicesjerezanas.com\/wp-content\/uploads\/2023\/11\/Imagen-de-WhatsApp-2023-10-20-a-las-13.04.27_ec329d27-1024x768.jpg 1024w, https:\/\/raicesjerezanas.com\/wp-content\/uploads\/2023\/11\/Imagen-de-WhatsApp-2023-10-20-a-las-13.04.27_ec329d27-768x576.jpg 768w, https:\/\/raicesjerezanas.com\/wp-content\/uploads\/2023\/11\/Imagen-de-WhatsApp-2023-10-20-a-las-13.04.27_ec329d27-1536x1152.jpg 1536w, https:\/\/raicesjerezanas.com\/wp-content\/uploads\/2023\/11\/Imagen-de-WhatsApp-2023-10-20-a-las-13.04.27_ec329d27-678x509.jpg 678w, https:\/\/raicesjerezanas.com\/wp-content\/uploads\/2023\/11\/Imagen-de-WhatsApp-2023-10-20-a-las-13.04.27_ec329d27-326x245.jpg 326w, https:\/\/raicesjerezanas.com\/wp-content\/uploads\/2023\/11\/Imagen-de-WhatsApp-2023-10-20-a-las-13.04.27_ec329d27-80x60.jpg 80w\" sizes=\"auto, (max-width: 1600px) 100vw, 1600px\" \/><\/a><\/p>\n","protected":false},"excerpt":{"rendered":"<div class=\"mh-excerpt\"><p>El Centro de Bienestar Social (CEBIS) de Jerez, celebr\u00f3 su Semana del Adulto Mayor a la que se uni\u00f3 el DIF de Jerez, encabezado por <a class=\"mh-excerpt-more\" href=\"https:\/\/raicesjerezanas.com\/?p=23250\" title=\"DIF JEREZ SE UNE A CELEBRACI\u00d3N DE LA SEMANA DEL ADULTO MAYOR DEL CEBIS\">&#8230;<\/a><\/p>\n<\/div>","protected":false},"author":1,"featured_media":23251,"comment_status":"closed","ping_status":"closed","sticky":false,"template":"","format":"standard","meta":{"footnotes":""},"categories":[102],"tags":[],"class_list":["post-23250","post","type-post","status-publish","format-standard","has-post-thumbnail","hentry","category-noticias-de-jerez"],"_links":{"self":[{"href":"https:\/\/raicesjerezanas.com\/index.php?rest_route=\/wp\/v2\/posts\/23250","targetHints":{"allow":["GET"]}}],"collection":[{"href":"https:\/\/raicesjerezanas.com\/index.php?rest_route=\/wp\/v2\/posts"}],"about":[{"href":"https:\/\/raicesjerezanas.com\/index.php?rest_route=\/wp\/v2\/types\/post"}],"author":[{"embeddable":true,"href":"https:\/\/raicesjerezanas.com\/index.php?rest_route=\/wp\/v2\/users\/1"}],"replies":[{"embeddable":true,"href":"https:\/\/raicesjerezanas.com\/index.php?rest_route=%2Fwp%2Fv2%2Fcomments&post=23250"}],"version-history":[{"count":0,"href":"https:\/\/raicesjerezanas.com\/index.php?rest_route=\/wp\/v2\/posts\/23250\/revisions"}],"wp:featuredmedia":[{"embeddable":true,"href":"https:\/\/raicesjerezanas.com\/index.php?rest_route=\/wp\/v2\/media\/23251"}],"wp:attachment":[{"href":"https:\/\/raicesjerezanas.com\/index.php?rest_route=%2Fwp%2Fv2%2Fmedia&parent=23250"}],"wp:term":[{"taxonomy":"category","embeddable":true,"href":"https:\/\/raicesjerezanas.com\/index.php?rest_route=%2Fwp%2Fv2%2Fcategories&post=23250"},{"taxonomy":"post_tag","embeddable":true,"href":"https:\/\/raicesjerezanas.com\/index.php?rest_route=%2Fwp%2Fv2%2Ftags&post=23250"}],"curies":[{"name":"wp","href":"https:\/\/api.w.org\/{rel}","templated":true}]}}