{"id":23284,"date":"2023-10-25T10:33:53","date_gmt":"2023-10-25T16:33:53","guid":{"rendered":"https:\/\/enconecte.com\/?p=23284"},"modified":"2023-10-25T10:33:53","modified_gmt":"2023-10-25T16:33:53","slug":"8-de-noviembre-ultima-fecha-para-expedicion-de-actas-y-tramites-del-registro-civil-gratuitos-en-jerez","status":"publish","type":"post","link":"https:\/\/raicesjerezanas.com\/?p=23284","title":{"rendered":"8 DE NOVIEMBRE \u00daLTIMA FECHA PARA EXPEDICI\u00d3N DE ACTAS Y TR\u00c1MITES DEL REGISTRO CIVIL GRATUITOS EN JEREZ"},"content":{"rendered":"<p>Como se hab\u00eda anunciado anteriormente, el pr\u00f3ximo 8 de noviembre ser\u00e1 la \u00faltima fecha de la campa\u00f1a de Subregistros y Soy M\u00e9xico. Esta campa\u00f1a se llev\u00f3 a cabo previamente el 20 de septiembre y el 11 de octubre, organizada por la Oficial\u00eda de Registro Civil del municipio de Jerez en colaboraci\u00f3n con la Direcci\u00f3n de Registro Civil del Estado de Zacatecas. Se llevar\u00e1 a cabo en el mismo lugar, en el \u00e1rea sur del Jard\u00edn Rafael P\u00e1ez, en el paseo peatonal frente a la presidencia municipal, con el objetivo de brindar a los ciudadanos la oportunidad de obtener actas de nacimiento, actas de situaci\u00f3n civil, actas de defunci\u00f3n, actas de reconocimiento y cualquier otro documento emitido por el registro civil de manera gratuita. Tambi\u00e9n se ofrecer\u00e1 la correcci\u00f3n de estos documentos de forma gratuita, as\u00ed como la inserci\u00f3n de actas de nacimiento extranjeras del programa \u00abSoy M\u00e9xico\u00bb.<\/p>\n<p>La Lic. Marina Miranda Saldivar, encargada del Registro Civil, inform\u00f3 que en esta \u00faltima fecha de la campa\u00f1a, que se llevar\u00e1 a cabo el 8 de noviembre, se mantendr\u00e1 la misma din\u00e1mica que en las ediciones anteriores, con el mismo lugar y horario de atenci\u00f3n, de 8:00 a 15:00 horas. Durante esta jornada final, se ofrecer\u00e1n diversos tr\u00e1mites de forma gratuita, como el registro extempor\u00e1neo de menores de 6 a\u00f1os, la expedici\u00f3n de actas certificadas, el programa Soy M\u00e9xico y tr\u00e1mites de correcci\u00f3n de actas con errores. En cuanto a los tr\u00e1mites de correcci\u00f3n de actas, se especifica que, para agilizar el proceso, es necesario que los interesados se acerquen previamente a la Oficial\u00eda para la integraci\u00f3n de su expediente. La funcionaria invit\u00f3 a todos los interesados a no dejar pasar esta \u00faltima oportunidad de acceder a tr\u00e1mites\u00a0gratuitos.<\/p>\n","protected":false},"excerpt":{"rendered":"<div class=\"mh-excerpt\"><p>Como se hab\u00eda anunciado anteriormente, el pr\u00f3ximo 8 de noviembre ser\u00e1 la \u00faltima fecha de la campa\u00f1a de Subregistros y Soy M\u00e9xico. Esta campa\u00f1a se <a class=\"mh-excerpt-more\" href=\"https:\/\/raicesjerezanas.com\/?p=23284\" title=\"8 DE NOVIEMBRE \u00daLTIMA FECHA PARA EXPEDICI\u00d3N DE ACTAS Y TR\u00c1MITES DEL REGISTRO CIVIL GRATUITOS EN JEREZ\">&#8230;<\/a><\/p>\n<\/div>","protected":false},"author":1,"featured_media":23286,"comment_status":"closed","ping_status":"closed","sticky":false,"template":"","format":"standard","meta":{"footnotes":""},"categories":[102],"tags":[],"class_list":["post-23284","post","type-post","status-publish","format-standard","has-post-thumbnail","hentry","category-noticias-de-jerez"],"_links":{"self":[{"href":"https:\/\/raicesjerezanas.com\/index.php?rest_route=\/wp\/v2\/posts\/23284","targetHints":{"allow":["GET"]}}],"collection":[{"href":"https:\/\/raicesjerezanas.com\/index.php?rest_route=\/wp\/v2\/posts"}],"about":[{"href":"https:\/\/raicesjerezanas.com\/index.php?rest_route=\/wp\/v2\/types\/post"}],"author":[{"embeddable":true,"href":"https:\/\/raicesjerezanas.com\/index.php?rest_route=\/wp\/v2\/users\/1"}],"replies":[{"embeddable":true,"href":"https:\/\/raicesjerezanas.com\/index.php?rest_route=%2Fwp%2Fv2%2Fcomments&post=23284"}],"version-history":[{"count":0,"href":"https:\/\/raicesjerezanas.com\/index.php?rest_route=\/wp\/v2\/posts\/23284\/revisions"}],"wp:featuredmedia":[{"embeddable":true,"href":"https:\/\/raicesjerezanas.com\/index.php?rest_route=\/wp\/v2\/media\/23286"}],"wp:attachment":[{"href":"https:\/\/raicesjerezanas.com\/index.php?rest_route=%2Fwp%2Fv2%2Fmedia&parent=23284"}],"wp:term":[{"taxonomy":"category","embeddable":true,"href":"https:\/\/raicesjerezanas.com\/index.php?rest_route=%2Fwp%2Fv2%2Fcategories&post=23284"},{"taxonomy":"post_tag","embeddable":true,"href":"https:\/\/raicesjerezanas.com\/index.php?rest_route=%2Fwp%2Fv2%2Ftags&post=23284"}],"curies":[{"name":"wp","href":"https:\/\/api.w.org\/{rel}","templated":true}]}}