{"id":23299,"date":"2023-10-31T10:38:45","date_gmt":"2023-10-31T16:38:45","guid":{"rendered":"https:\/\/enconecte.com\/?p=23299"},"modified":"2023-10-31T10:38:45","modified_gmt":"2023-10-31T16:38:45","slug":"dif-de-jerez-promueve-tradiciones-de-dia-de-muertos-entre-adultos-mayores","status":"publish","type":"post","link":"https:\/\/raicesjerezanas.com\/?p=23299","title":{"rendered":"DIF DE JEREZ PROMUEVE TRADICIONES DE D\u00cdA DE MUERTOS ENTRE ADULTOS MAYORES"},"content":{"rendered":"<p>Para mantener y promover las tradiciones de D\u00eda de Muertos, el DIF Jerez motiv\u00f3 la participaci\u00f3n de sus Clubes de la Tercera Edad en la creaci\u00f3n de altares f\u00fanebres.<\/p>\n<p>Con el disfrute de excelentes trabajos de nueve Clubes, la presidenta honor\u00edfica del Sistema, Bertha Alicia Garc\u00eda Duarte, y la directora del mismo, Roc\u00edo Azucena Ibarra Bautista, acompa\u00f1adas por el alcalde Jos\u00e9 Humberto Salazar Contreras, realizaron visitas a cada uno junto al jurado calificador.<\/p>\n<p>Cabe mencionar que la din\u00e1mica del concurso fue cambiada de votaci\u00f3n del p\u00fablico a calificaci\u00f3n de jueces, a fin de seleccionar los tres primeros lugares de manera justa y adecuada al esfuerzo invertido por los participantes, cuyos resultados y premiaci\u00f3n se dar\u00e1n a conocer en\u00a0pr\u00f3ximos\u00a0d\u00edas.<\/p>\n<p><a href=\"https:\/\/raicesjerezanas.com\/wp-content\/uploads\/2023\/11\/Imagen-de-WhatsApp-2023-10-31-a-las-13.49.09_ea4ebaee.jpg\"><img loading=\"lazy\" decoding=\"async\" class=\"alignnone size-full wp-image-23300\" src=\"https:\/\/raicesjerezanas.com\/wp-content\/uploads\/2023\/11\/Imagen-de-WhatsApp-2023-10-31-a-las-13.49.09_ea4ebaee.jpg\" alt=\"\" width=\"1600\" height=\"1066\" srcset=\"https:\/\/raicesjerezanas.com\/wp-content\/uploads\/2023\/11\/Imagen-de-WhatsApp-2023-10-31-a-las-13.49.09_ea4ebaee.jpg 1600w, https:\/\/raicesjerezanas.com\/wp-content\/uploads\/2023\/11\/Imagen-de-WhatsApp-2023-10-31-a-las-13.49.09_ea4ebaee-300x200.jpg 300w, https:\/\/raicesjerezanas.com\/wp-content\/uploads\/2023\/11\/Imagen-de-WhatsApp-2023-10-31-a-las-13.49.09_ea4ebaee-1024x682.jpg 1024w, https:\/\/raicesjerezanas.com\/wp-content\/uploads\/2023\/11\/Imagen-de-WhatsApp-2023-10-31-a-las-13.49.09_ea4ebaee-768x512.jpg 768w, https:\/\/raicesjerezanas.com\/wp-content\/uploads\/2023\/11\/Imagen-de-WhatsApp-2023-10-31-a-las-13.49.09_ea4ebaee-1536x1023.jpg 1536w\" sizes=\"auto, (max-width: 1600px) 100vw, 1600px\" \/><\/a><\/p>\n","protected":false},"excerpt":{"rendered":"<div class=\"mh-excerpt\"><p>Para mantener y promover las tradiciones de D\u00eda de Muertos, el DIF Jerez motiv\u00f3 la participaci\u00f3n de sus Clubes de la Tercera Edad en la <a class=\"mh-excerpt-more\" href=\"https:\/\/raicesjerezanas.com\/?p=23299\" title=\"DIF DE JEREZ PROMUEVE TRADICIONES DE D\u00cdA DE MUERTOS ENTRE ADULTOS MAYORES\">&#8230;<\/a><\/p>\n<\/div>","protected":false},"author":1,"featured_media":23301,"comment_status":"closed","ping_status":"closed","sticky":false,"template":"","format":"standard","meta":{"footnotes":""},"categories":[102],"tags":[],"class_list":["post-23299","post","type-post","status-publish","format-standard","has-post-thumbnail","hentry","category-noticias-de-jerez"],"_links":{"self":[{"href":"https:\/\/raicesjerezanas.com\/index.php?rest_route=\/wp\/v2\/posts\/23299","targetHints":{"allow":["GET"]}}],"collection":[{"href":"https:\/\/raicesjerezanas.com\/index.php?rest_route=\/wp\/v2\/posts"}],"about":[{"href":"https:\/\/raicesjerezanas.com\/index.php?rest_route=\/wp\/v2\/types\/post"}],"author":[{"embeddable":true,"href":"https:\/\/raicesjerezanas.com\/index.php?rest_route=\/wp\/v2\/users\/1"}],"replies":[{"embeddable":true,"href":"https:\/\/raicesjerezanas.com\/index.php?rest_route=%2Fwp%2Fv2%2Fcomments&post=23299"}],"version-history":[{"count":0,"href":"https:\/\/raicesjerezanas.com\/index.php?rest_route=\/wp\/v2\/posts\/23299\/revisions"}],"wp:featuredmedia":[{"embeddable":true,"href":"https:\/\/raicesjerezanas.com\/index.php?rest_route=\/wp\/v2\/media\/23301"}],"wp:attachment":[{"href":"https:\/\/raicesjerezanas.com\/index.php?rest_route=%2Fwp%2Fv2%2Fmedia&parent=23299"}],"wp:term":[{"taxonomy":"category","embeddable":true,"href":"https:\/\/raicesjerezanas.com\/index.php?rest_route=%2Fwp%2Fv2%2Fcategories&post=23299"},{"taxonomy":"post_tag","embeddable":true,"href":"https:\/\/raicesjerezanas.com\/index.php?rest_route=%2Fwp%2Fv2%2Ftags&post=23299"}],"curies":[{"name":"wp","href":"https:\/\/api.w.org\/{rel}","templated":true}]}}