{"id":23305,"date":"2023-10-24T10:30:15","date_gmt":"2023-10-24T16:30:15","guid":{"rendered":"https:\/\/enconecte.com\/?p=23274"},"modified":"2023-10-24T10:30:15","modified_gmt":"2023-10-24T16:30:15","slug":"inician-preparativos-para-la-feria-de-primavera-de-jerez-en-su-edicion-del-200-aniversario","status":"publish","type":"post","link":"https:\/\/raicesjerezanas.com\/?p=23305","title":{"rendered":"INICIAN PREPARATIVOS PARA LA FERIA DE PRIMAVERA DE JEREZ EN SU EDICI\u00d3N DEL 200 ANIVERSARIO"},"content":{"rendered":"<ul>\n<li>Por mayor\u00eda design\u00f3 el cabildo al comit\u00e9 organizador para el evento de 2024<\/li>\n<\/ul>\n<p>Con la designaci\u00f3n del Comit\u00e9 Organizador de la Feria de Primavera 2024 por parte del Ayuntamiento Municipal, se han iniciado los preparativos para conmemorar el bicentenario del m\u00e1ximo festejo anual de los jerezanos. Seg\u00fan datos hist\u00f3ricos, esta celebraci\u00f3n se ha llevado a cabo desde 1824 y, en su momento, desempe\u00f1\u00f3 un papel esencial en la obtenci\u00f3n del nombramiento de Pueblo M\u00e1gico para Jerez.<\/p>\n<p>De esta manera, el alcalde Jos\u00e9 Humberto Salazar Contreras present\u00f3 ante el Cabildo la conformaci\u00f3n del Comit\u00e9, que estar\u00e1 encabezado por Alonso S\u00e1nchez Bonilla como presidente, con la regidora Ana Yahaira F\u00e9lix Rivera como secretaria t\u00e9cnica, Mar\u00eda Eva Cabral Brise\u00f1o como tesorera, Martha Alamillo Guzm\u00e1n como vocal administrativo, Carlos Humberto Pinedo Grey como vocal de mercadotecnia, Itzia Alejandra S\u00e1nchez Vanegas para log\u00edstica, V\u00edctor Hugo Hu\u00edzar Iturriaga para eventos culturales, Armando Qui\u00f1onez Ortiz para eventos deportivos, Luis Mario Mart\u00ednez Aparicio para la elecci\u00f3n de candidatas a reina y Jos\u00e9 Alberto Murillo Lozano para eventos agropecuarios.<\/p>\n<p><a href=\"https:\/\/raicesjerezanas.com\/wp-content\/uploads\/2023\/11\/Imagen-de-WhatsApp-2023-10-24-a-las-18.16.56_2fed4e58.jpg\"><img loading=\"lazy\" decoding=\"async\" class=\"alignnone size-full wp-image-23275\" src=\"https:\/\/raicesjerezanas.com\/wp-content\/uploads\/2023\/11\/Imagen-de-WhatsApp-2023-10-24-a-las-18.16.56_2fed4e58.jpg\" alt=\"\" width=\"1200\" height=\"800\" srcset=\"https:\/\/raicesjerezanas.com\/wp-content\/uploads\/2023\/11\/Imagen-de-WhatsApp-2023-10-24-a-las-18.16.56_2fed4e58.jpg 1200w, https:\/\/raicesjerezanas.com\/wp-content\/uploads\/2023\/11\/Imagen-de-WhatsApp-2023-10-24-a-las-18.16.56_2fed4e58-300x200.jpg 300w, https:\/\/raicesjerezanas.com\/wp-content\/uploads\/2023\/11\/Imagen-de-WhatsApp-2023-10-24-a-las-18.16.56_2fed4e58-1024x683.jpg 1024w, https:\/\/raicesjerezanas.com\/wp-content\/uploads\/2023\/11\/Imagen-de-WhatsApp-2023-10-24-a-las-18.16.56_2fed4e58-768x512.jpg 768w\" sizes=\"auto, (max-width: 1200px) 100vw, 1200px\" \/><\/a><\/p>\n<p>Al presentar la propuesta, el Dr. Salazar resalt\u00f3 la importancia de la festividad, no solo a nivel local, sino tambi\u00e9n a nivel estatal, nacional e internacional. Hizo referencia al decreto emitido por la LX Legislatura del estado, que reconoce la antig\u00fcedad de la Feria desde 1824 y su relevancia, lo que condujo a la declaratoria de la Feria de Primavera de Jerez y sus actividades como Patrimonio Cultural Inmaterial.<\/p>\n<p>La propuesta para el desarrollo de la pr\u00f3xima edici\u00f3n determin\u00f3 la participaci\u00f3n de personas que trabajan en el gobierno municipal o forman parte del Ayuntamiento. Despu\u00e9s de que el Cabildo la valid\u00f3 por mayor\u00eda, el presidente tom\u00f3 juramento a los miembros del grupo encargado de la organizaci\u00f3n de la Feria de Primavera Jerez 2024 en su edici\u00f3n del 200\u00a0aniversario.<\/p>\n","protected":false},"excerpt":{"rendered":"<div class=\"mh-excerpt\"><p>Por mayor\u00eda design\u00f3 el cabildo al comit\u00e9 organizador para el evento de 2024 Con la designaci\u00f3n del Comit\u00e9 Organizador de la Feria de Primavera 2024 <a class=\"mh-excerpt-more\" href=\"https:\/\/raicesjerezanas.com\/?p=23305\" title=\"INICIAN PREPARATIVOS PARA LA FERIA DE PRIMAVERA DE JEREZ EN SU EDICI\u00d3N DEL 200 ANIVERSARIO\">&#8230;<\/a><\/p>\n<\/div>","protected":false},"author":1,"featured_media":23276,"comment_status":"closed","ping_status":"closed","sticky":false,"template":"","format":"standard","meta":{"footnotes":""},"categories":[102],"tags":[],"class_list":["post-23305","post","type-post","status-publish","format-standard","has-post-thumbnail","hentry","category-noticias-de-jerez"],"_links":{"self":[{"href":"https:\/\/raicesjerezanas.com\/index.php?rest_route=\/wp\/v2\/posts\/23305","targetHints":{"allow":["GET"]}}],"collection":[{"href":"https:\/\/raicesjerezanas.com\/index.php?rest_route=\/wp\/v2\/posts"}],"about":[{"href":"https:\/\/raicesjerezanas.com\/index.php?rest_route=\/wp\/v2\/types\/post"}],"author":[{"embeddable":true,"href":"https:\/\/raicesjerezanas.com\/index.php?rest_route=\/wp\/v2\/users\/1"}],"replies":[{"embeddable":true,"href":"https:\/\/raicesjerezanas.com\/index.php?rest_route=%2Fwp%2Fv2%2Fcomments&post=23305"}],"version-history":[{"count":0,"href":"https:\/\/raicesjerezanas.com\/index.php?rest_route=\/wp\/v2\/posts\/23305\/revisions"}],"wp:featuredmedia":[{"embeddable":true,"href":"https:\/\/raicesjerezanas.com\/index.php?rest_route=\/wp\/v2\/media\/23276"}],"wp:attachment":[{"href":"https:\/\/raicesjerezanas.com\/index.php?rest_route=%2Fwp%2Fv2%2Fmedia&parent=23305"}],"wp:term":[{"taxonomy":"category","embeddable":true,"href":"https:\/\/raicesjerezanas.com\/index.php?rest_route=%2Fwp%2Fv2%2Fcategories&post=23305"},{"taxonomy":"post_tag","embeddable":true,"href":"https:\/\/raicesjerezanas.com\/index.php?rest_route=%2Fwp%2Fv2%2Ftags&post=23305"}],"curies":[{"name":"wp","href":"https:\/\/api.w.org\/{rel}","templated":true}]}}