{"id":23320,"date":"2023-11-01T15:31:48","date_gmt":"2023-11-01T21:31:48","guid":{"rendered":"https:\/\/enconecte.com\/?p=23320"},"modified":"2023-11-01T15:31:48","modified_gmt":"2023-11-01T21:31:48","slug":"innovadora-decoracion-luce-en-el-patio-y-exterior-de-la-presidencia-municipal","status":"publish","type":"post","link":"https:\/\/raicesjerezanas.com\/?p=23320","title":{"rendered":"INNOVADORA DECORACI\u00d3N LUCE EN EL PATIO Y EXTERIOR DE LA PRESIDENCIA MUNICIPAL"},"content":{"rendered":"<p>La innovadora decoraci\u00f3n del edificio que alberga la presidencia municipal ha sido el centro de atenci\u00f3n durante la celebraci\u00f3n del D\u00eda de Muertos en el marco del Festival \u00abJerezano hasta los Huesos\u00bb. Esta decoraci\u00f3n incluye elementos vistosos que representan la tradici\u00f3n mexicana y ha atra\u00eddo constantemente a visitantes al lugar, quienes desean tomarse fotograf\u00edas o videos como recuerdo.<\/p>\n<p>Por decisi\u00f3n del doctor Salazar, el equipo de Comunicaci\u00f3n Social y Eventos Especiales dise\u00f1\u00f3 el conjunto visual que adorna el patio del edificio. Incluye alebrijes, flores, un altar y tapetes elaborados de forma artesanal. Estos elementos est\u00e1n dedicados a cuatro personajes hist\u00f3ricos del municipio: Francisco Garc\u00eda Salinas, Ram\u00f3n L\u00f3pez Velarde, Candelario Hu\u00edzar y Francisco Larroyo, los cuales han sido h\u00e1bilmente formados a base de aserr\u00edn pintado.<\/p>\n<p><a href=\"https:\/\/enconecte.com\/wp-content\/uploads\/2023\/11\/Imagen-de-WhatsApp-2023-11-01-a-las-22.20.59_0bd50d6d.jpg\"><img loading=\"lazy\" decoding=\"async\" class=\"alignnone size-full wp-image-23322\" src=\"https:\/\/enconecte.com\/wp-content\/uploads\/2023\/11\/Imagen-de-WhatsApp-2023-11-01-a-las-22.20.59_0bd50d6d.jpg\" alt=\"\" width=\"1600\" height=\"1066\" srcset=\"https:\/\/raicesjerezanas.com\/wp-content\/uploads\/2023\/11\/Imagen-de-WhatsApp-2023-11-01-a-las-22.20.59_0bd50d6d.jpg 1600w, https:\/\/raicesjerezanas.com\/wp-content\/uploads\/2023\/11\/Imagen-de-WhatsApp-2023-11-01-a-las-22.20.59_0bd50d6d-300x200.jpg 300w, https:\/\/raicesjerezanas.com\/wp-content\/uploads\/2023\/11\/Imagen-de-WhatsApp-2023-11-01-a-las-22.20.59_0bd50d6d-1024x682.jpg 1024w, https:\/\/raicesjerezanas.com\/wp-content\/uploads\/2023\/11\/Imagen-de-WhatsApp-2023-11-01-a-las-22.20.59_0bd50d6d-768x512.jpg 768w, https:\/\/raicesjerezanas.com\/wp-content\/uploads\/2023\/11\/Imagen-de-WhatsApp-2023-11-01-a-las-22.20.59_0bd50d6d-1536x1023.jpg 1536w\" sizes=\"auto, (max-width: 1600px) 100vw, 1600px\" \/><\/a><\/p>\n<p>Tambi\u00e9n se han incorporado figuras caracter\u00edsticas, como calaveras y elementos gr\u00e1ficos de la pel\u00edcula Coco. En el exterior, utilizando recursos que ya estaban disponibles en la administraci\u00f3n, se han colocado diversas piezas artesanales, incluyendo catrinas, calaveras y alebrijes, que han dado un toque especial a la fachada principal. Esto ha permitido a cientos de personas capturar im\u00e1genes desde sus dispositivos m\u00f3viles o c\u00e1maras digitales.<\/p>\n<p>La decoraci\u00f3n, que se instal\u00f3 una semana antes, permanecer\u00e1 en el interior y el exterior de la presidencia municipal por unos d\u00edas adicionales, para ser admirada tanto por aquellos que visitan el alegre Pueblo M\u00e1gico en estos d\u00edas como por las familias que residen\u00a0en\u00a0la\u00a0ciudad.<\/p>\n","protected":false},"excerpt":{"rendered":"<div class=\"mh-excerpt\"><p>La innovadora decoraci\u00f3n del edificio que alberga la presidencia municipal ha sido el centro de atenci\u00f3n durante la celebraci\u00f3n del D\u00eda de Muertos en el <a class=\"mh-excerpt-more\" href=\"https:\/\/raicesjerezanas.com\/?p=23320\" title=\"INNOVADORA DECORACI\u00d3N LUCE EN EL PATIO Y EXTERIOR DE LA PRESIDENCIA MUNICIPAL\">&#8230;<\/a><\/p>\n<\/div>","protected":false},"author":1,"featured_media":23321,"comment_status":"closed","ping_status":"closed","sticky":false,"template":"","format":"standard","meta":{"footnotes":""},"categories":[102],"tags":[],"class_list":["post-23320","post","type-post","status-publish","format-standard","has-post-thumbnail","hentry","category-noticias-de-jerez"],"_links":{"self":[{"href":"https:\/\/raicesjerezanas.com\/index.php?rest_route=\/wp\/v2\/posts\/23320","targetHints":{"allow":["GET"]}}],"collection":[{"href":"https:\/\/raicesjerezanas.com\/index.php?rest_route=\/wp\/v2\/posts"}],"about":[{"href":"https:\/\/raicesjerezanas.com\/index.php?rest_route=\/wp\/v2\/types\/post"}],"author":[{"embeddable":true,"href":"https:\/\/raicesjerezanas.com\/index.php?rest_route=\/wp\/v2\/users\/1"}],"replies":[{"embeddable":true,"href":"https:\/\/raicesjerezanas.com\/index.php?rest_route=%2Fwp%2Fv2%2Fcomments&post=23320"}],"version-history":[{"count":0,"href":"https:\/\/raicesjerezanas.com\/index.php?rest_route=\/wp\/v2\/posts\/23320\/revisions"}],"wp:featuredmedia":[{"embeddable":true,"href":"https:\/\/raicesjerezanas.com\/index.php?rest_route=\/wp\/v2\/media\/23321"}],"wp:attachment":[{"href":"https:\/\/raicesjerezanas.com\/index.php?rest_route=%2Fwp%2Fv2%2Fmedia&parent=23320"}],"wp:term":[{"taxonomy":"category","embeddable":true,"href":"https:\/\/raicesjerezanas.com\/index.php?rest_route=%2Fwp%2Fv2%2Fcategories&post=23320"},{"taxonomy":"post_tag","embeddable":true,"href":"https:\/\/raicesjerezanas.com\/index.php?rest_route=%2Fwp%2Fv2%2Ftags&post=23320"}],"curies":[{"name":"wp","href":"https:\/\/api.w.org\/{rel}","templated":true}]}}