{"id":2333,"date":"2019-10-25T16:04:15","date_gmt":"2019-10-25T21:04:15","guid":{"rendered":"https:\/\/raicesjerezanas.com\/?p=2333"},"modified":"2019-10-25T16:04:15","modified_gmt":"2019-10-25T21:04:15","slug":"dan-seguimiento-a-taller-sobre-equidad-de-genero","status":"publish","type":"post","link":"https:\/\/raicesjerezanas.com\/?p=2333","title":{"rendered":"DAN SEGUIMIENTO A TALLER SOBRE EQUIDAD DE G\u00c9NERO"},"content":{"rendered":"<p>Con la presencia de representantes de distintas instituciones y dependencias gubernamentales, se realiz\u00f3 en Jerez la segunda etapa del Taller de Redes Regionales Ciudadanas e Institucionales para la Igualdad entre Mujeres y Hombres.<\/p>\n<p>En coordinaci\u00f3n con la Secretar\u00eda de las Mujeres, el Instituto de la Mujer Jerezana (INMUJE) convoc\u00f3 a los municipios de Tepetongo, Susticac\u00e1n, Joaqu\u00edn Amaro y Villanueva para tratar diferentes temas enfocados a la equidad de condiciones entre los g\u00e9neros.<\/p>\n<p>La Directora Griselda Salcedo Ibarra encabez\u00f3 esta capacitaci\u00f3n que abordo la tem\u00e1tica del trabajo de las mujeres zacatecanas como cuidadoras.<\/p>\n<p>La exposici\u00f3n estuvo a cargo de Ana Cristina Raygoza y Rosa Elena Anaya, integrantes de la Asociaci\u00f3n Civil de consultor\u00eda y capacitaci\u00f3n Cultivando G\u00e9nero, que adem\u00e1s brinda acompa\u00f1amiento especializado con perspectiva de g\u00e9nero y enfoque de derechos humanos.<\/p>\n","protected":false},"excerpt":{"rendered":"<div class=\"mh-excerpt\"><p>Con la presencia de representantes de distintas instituciones y dependencias gubernamentales, se realiz\u00f3 en Jerez la segunda etapa del Taller de Redes Regionales Ciudadanas e <a class=\"mh-excerpt-more\" href=\"https:\/\/raicesjerezanas.com\/?p=2333\" title=\"DAN SEGUIMIENTO A TALLER SOBRE EQUIDAD DE G\u00c9NERO\">&#8230;<\/a><\/p>\n<\/div>","protected":false},"author":1,"featured_media":2334,"comment_status":"closed","ping_status":"closed","sticky":false,"template":"","format":"standard","meta":{"footnotes":""},"categories":[],"tags":[],"class_list":["post-2333","post","type-post","status-publish","format-standard","has-post-thumbnail","hentry"],"_links":{"self":[{"href":"https:\/\/raicesjerezanas.com\/index.php?rest_route=\/wp\/v2\/posts\/2333","targetHints":{"allow":["GET"]}}],"collection":[{"href":"https:\/\/raicesjerezanas.com\/index.php?rest_route=\/wp\/v2\/posts"}],"about":[{"href":"https:\/\/raicesjerezanas.com\/index.php?rest_route=\/wp\/v2\/types\/post"}],"author":[{"embeddable":true,"href":"https:\/\/raicesjerezanas.com\/index.php?rest_route=\/wp\/v2\/users\/1"}],"replies":[{"embeddable":true,"href":"https:\/\/raicesjerezanas.com\/index.php?rest_route=%2Fwp%2Fv2%2Fcomments&post=2333"}],"version-history":[{"count":0,"href":"https:\/\/raicesjerezanas.com\/index.php?rest_route=\/wp\/v2\/posts\/2333\/revisions"}],"wp:featuredmedia":[{"embeddable":true,"href":"https:\/\/raicesjerezanas.com\/index.php?rest_route=\/wp\/v2\/media\/2334"}],"wp:attachment":[{"href":"https:\/\/raicesjerezanas.com\/index.php?rest_route=%2Fwp%2Fv2%2Fmedia&parent=2333"}],"wp:term":[{"taxonomy":"category","embeddable":true,"href":"https:\/\/raicesjerezanas.com\/index.php?rest_route=%2Fwp%2Fv2%2Fcategories&post=2333"},{"taxonomy":"post_tag","embeddable":true,"href":"https:\/\/raicesjerezanas.com\/index.php?rest_route=%2Fwp%2Fv2%2Ftags&post=2333"}],"curies":[{"name":"wp","href":"https:\/\/api.w.org\/{rel}","templated":true}]}}