{"id":23388,"date":"2023-11-14T23:36:52","date_gmt":"2023-11-15T05:36:52","guid":{"rendered":"https:\/\/enconecte.com\/?p=23388"},"modified":"2023-11-14T23:36:52","modified_gmt":"2023-11-15T05:36:52","slug":"recibe-dr-salazar-a-ninos-jerezanos-que-asistieron-a-copa-mazatlan-22-de-futbol","status":"publish","type":"post","link":"https:\/\/raicesjerezanas.com\/?p=23388","title":{"rendered":"RECIBE DR. SALAZAR A NI\u00d1OS JEREZANOS QUE ASISTIERON A COPA MAZATL\u00c1N 22 DE F\u00daTBOL"},"content":{"rendered":"<p>En medio de un ambiente emotivo, los peque\u00f1os jerezanos fueron recibidos en el despacho del presidente municipal. Del 1 al 5 de noviembre, asistieron a Mazatl\u00e1n para representar la calidad del f\u00fatbol de Jerez en la Copa Mazatl\u00e1n 22. Previamente, hab\u00edan solicitado apoyo al gobierno municipal 2021-2024 a trav\u00e9s de la coordinaci\u00f3n del Deporte, y este apoyo fue entregado en d\u00edas pasados. Este apoyo fue para el equipo Jerez FC en las categor\u00edas 2015-2016.<\/p>\n<p>Cada ni\u00f1o tuvo la oportunidad de expresar su agradecimiento al alcalde municipal por el apoyo brindado de manera personal.<\/p>\n<p>Acompa\u00f1ados por sus padres y entrenador, los j\u00f3venes futbolistas entregaron el jersey oficial del equipo Jerez FC en la categor\u00eda 2016-2015. El equipo est\u00e1 compuesto por 15 ni\u00f1os que dieron lo mejor de s\u00ed en esta edici\u00f3n 22.<\/p>\n<p><a href=\"https:\/\/enconecte.com\/wp-content\/uploads\/2023\/11\/Imagen-de-WhatsApp-2023-11-14-a-las-07.13.47_bf508882.jpg\"><img loading=\"lazy\" decoding=\"async\" class=\"alignnone size-full wp-image-23389\" src=\"https:\/\/enconecte.com\/wp-content\/uploads\/2023\/11\/Imagen-de-WhatsApp-2023-11-14-a-las-07.13.47_bf508882.jpg\" alt=\"\" width=\"1599\" height=\"1066\" srcset=\"https:\/\/raicesjerezanas.com\/wp-content\/uploads\/2023\/11\/Imagen-de-WhatsApp-2023-11-14-a-las-07.13.47_bf508882.jpg 1599w, https:\/\/raicesjerezanas.com\/wp-content\/uploads\/2023\/11\/Imagen-de-WhatsApp-2023-11-14-a-las-07.13.47_bf508882-300x200.jpg 300w, https:\/\/raicesjerezanas.com\/wp-content\/uploads\/2023\/11\/Imagen-de-WhatsApp-2023-11-14-a-las-07.13.47_bf508882-1024x683.jpg 1024w, https:\/\/raicesjerezanas.com\/wp-content\/uploads\/2023\/11\/Imagen-de-WhatsApp-2023-11-14-a-las-07.13.47_bf508882-768x512.jpg 768w, https:\/\/raicesjerezanas.com\/wp-content\/uploads\/2023\/11\/Imagen-de-WhatsApp-2023-11-14-a-las-07.13.47_bf508882-1536x1024.jpg 1536w\" sizes=\"auto, (max-width: 1599px) 100vw, 1599px\" \/><\/a><\/p>\n<p>En relaci\u00f3n a la competencia deportiva, mencionaron que los ni\u00f1os llegaron a la fase eliminatoria sin ser derrotados, compitiendo finalmente contra el equipo local. Por esta raz\u00f3n, esperan seguir fomentando el deporte en futuras copas.<\/p>\n<p>Los padres expresaron su gratitud por el apoyo brindado, el cual fue de gran utilidad para cubrir gastos de vi\u00e1ticos e inscripciones de los integrantes. Reconocieron el compromiso del municipio con el fomento del deporte.<\/p>\n<p>En ese mismo evento, el Dr. Salazar, alcalde de Jerez, expres\u00f3 su emoci\u00f3n y orgullo por estos j\u00f3venes jerezanos, a quienes felicit\u00f3 y alent\u00f3 a continuar practicando\u00a0el\u00a0f\u00fatbol.<\/p>\n","protected":false},"excerpt":{"rendered":"<div class=\"mh-excerpt\"><p>En medio de un ambiente emotivo, los peque\u00f1os jerezanos fueron recibidos en el despacho del presidente municipal. Del 1 al 5 de noviembre, asistieron a <a class=\"mh-excerpt-more\" href=\"https:\/\/raicesjerezanas.com\/?p=23388\" title=\"RECIBE DR. SALAZAR A NI\u00d1OS JEREZANOS QUE ASISTIERON A COPA MAZATL\u00c1N 22 DE F\u00daTBOL\">&#8230;<\/a><\/p>\n<\/div>","protected":false},"author":1,"featured_media":23390,"comment_status":"closed","ping_status":"closed","sticky":false,"template":"","format":"standard","meta":{"footnotes":""},"categories":[102],"tags":[],"class_list":["post-23388","post","type-post","status-publish","format-standard","has-post-thumbnail","hentry","category-noticias-de-jerez"],"_links":{"self":[{"href":"https:\/\/raicesjerezanas.com\/index.php?rest_route=\/wp\/v2\/posts\/23388","targetHints":{"allow":["GET"]}}],"collection":[{"href":"https:\/\/raicesjerezanas.com\/index.php?rest_route=\/wp\/v2\/posts"}],"about":[{"href":"https:\/\/raicesjerezanas.com\/index.php?rest_route=\/wp\/v2\/types\/post"}],"author":[{"embeddable":true,"href":"https:\/\/raicesjerezanas.com\/index.php?rest_route=\/wp\/v2\/users\/1"}],"replies":[{"embeddable":true,"href":"https:\/\/raicesjerezanas.com\/index.php?rest_route=%2Fwp%2Fv2%2Fcomments&post=23388"}],"version-history":[{"count":0,"href":"https:\/\/raicesjerezanas.com\/index.php?rest_route=\/wp\/v2\/posts\/23388\/revisions"}],"wp:featuredmedia":[{"embeddable":true,"href":"https:\/\/raicesjerezanas.com\/index.php?rest_route=\/wp\/v2\/media\/23390"}],"wp:attachment":[{"href":"https:\/\/raicesjerezanas.com\/index.php?rest_route=%2Fwp%2Fv2%2Fmedia&parent=23388"}],"wp:term":[{"taxonomy":"category","embeddable":true,"href":"https:\/\/raicesjerezanas.com\/index.php?rest_route=%2Fwp%2Fv2%2Fcategories&post=23388"},{"taxonomy":"post_tag","embeddable":true,"href":"https:\/\/raicesjerezanas.com\/index.php?rest_route=%2Fwp%2Fv2%2Ftags&post=23388"}],"curies":[{"name":"wp","href":"https:\/\/api.w.org\/{rel}","templated":true}]}}