{"id":23394,"date":"2023-11-14T23:39:09","date_gmt":"2023-11-15T05:39:09","guid":{"rendered":"https:\/\/enconecte.com\/?p=23394"},"modified":"2023-11-14T23:39:09","modified_gmt":"2023-11-15T05:39:09","slug":"habra-buen-fin-en-jerez","status":"publish","type":"post","link":"https:\/\/raicesjerezanas.com\/?p=23394","title":{"rendered":"HABR\u00c1 BUEN FIN EN JEREZ"},"content":{"rendered":"<p>Por primera vez en Jerez, se dio a conocer la din\u00e1mica, las acciones y los beneficios que se llevar\u00e1n a cabo en el municipio para este Buen Fin de 2023 mediante una rueda de prensa. El objetivo es incentivar el consumo local, mejorar la econom\u00eda y beneficiar a m\u00e1s familias del municipio. Por ello, la C\u00e1mara Nacional de Comercio (CANACO), con el apoyo de la direcci\u00f3n de Desarrollo Econ\u00f3mico y Social, que forma parte de la administraci\u00f3n municipal 2021-2024.<\/p>\n<p>El Ing. Jes\u00fas Rivera Rodr\u00edguez, jefe de departamento de Fomento Econ\u00f3mico del municipio, explic\u00f3 que durante este fin de semana se beneficiar\u00e1 a la gente y a las empresas, generando una derrama econ\u00f3mica para Jerez en general. Anim\u00f3 a las empresas interesadas a registrarse en la Direcci\u00f3n de Desarrollo Econ\u00f3mico.<\/p>\n<p>El presidente de la delegaci\u00f3n Jerez de la CANACO, Juan Miguel Ibarra, invit\u00f3 a la compra local y asegur\u00f3 que los comerciantes participantes ofrecer\u00e1n buenas ofertas. Tambi\u00e9n inst\u00f3 a vigilar que dichas ofertas no sean enga\u00f1osas y a comunicarlo a la PROFECO, que estar\u00e1 activa.<\/p>\n<p>Roberto Manuel C\u00e1rdenas, director de la CANACO Zacatecas, mencion\u00f3 que se espera una derrama econ\u00f3mica alrededor de 75 millones de pesos en todo el estado del 17 al 20 de noviembre.<\/p>\n<p><a href=\"https:\/\/enconecte.com\/wp-content\/uploads\/2023\/11\/Imagen-de-WhatsApp-2023-11-14-a-las-16.58.21_c2999062.jpg\"><img loading=\"lazy\" decoding=\"async\" class=\"alignnone size-full wp-image-23396\" src=\"https:\/\/enconecte.com\/wp-content\/uploads\/2023\/11\/Imagen-de-WhatsApp-2023-11-14-a-las-16.58.21_c2999062.jpg\" alt=\"\" width=\"1599\" height=\"1066\" srcset=\"https:\/\/raicesjerezanas.com\/wp-content\/uploads\/2023\/11\/Imagen-de-WhatsApp-2023-11-14-a-las-16.58.21_c2999062.jpg 1599w, https:\/\/raicesjerezanas.com\/wp-content\/uploads\/2023\/11\/Imagen-de-WhatsApp-2023-11-14-a-las-16.58.21_c2999062-300x200.jpg 300w, https:\/\/raicesjerezanas.com\/wp-content\/uploads\/2023\/11\/Imagen-de-WhatsApp-2023-11-14-a-las-16.58.21_c2999062-1024x683.jpg 1024w, https:\/\/raicesjerezanas.com\/wp-content\/uploads\/2023\/11\/Imagen-de-WhatsApp-2023-11-14-a-las-16.58.21_c2999062-768x512.jpg 768w, https:\/\/raicesjerezanas.com\/wp-content\/uploads\/2023\/11\/Imagen-de-WhatsApp-2023-11-14-a-las-16.58.21_c2999062-1536x1024.jpg 1536w\" sizes=\"auto, (max-width: 1599px) 100vw, 1599px\" \/><\/a><\/p>\n<p>Por su parte, el Lic. David Josafat de la Torre Pinedo, director de Desarrollo Econ\u00f3mico y Social, destac\u00f3 que adem\u00e1s de reactivar la econom\u00eda, se busca que Jerez ofrezca una experiencia \u00fanica de comercio y turismo en un entorno amigable, para que tanto los habitantes como los visitantes puedan aprovechar las ofertas y explorar la ciudad.<\/p>\n<p>Durante la rueda de prensa, estuvieron presentes los integrantes de la delegaci\u00f3n Jerez de la CANACO: Moner Valadez, V\u00edctor Rodr\u00edguez y H\u00e9ctor Arellano. Expusieron los beneficios para los consumidores, como descuentos, ofertas y meses sin intereses. Se inform\u00f3 que se repartir\u00e1n a nivel nacional 400 millones de pesos, con un premio mayor de 250 mil pesos, as\u00ed como 321,260 premios que van desde los 500 hasta los 20 mil pesos. Para los empresarios, esta actividad representa la oportunidad de aumentar sus ventas. La rueda de prensa finaliz\u00f3 con la presentaci\u00f3n oficial del p\u00f3ster\u00a0del\u00a0Buen\u00a0Fin.<\/p>\n","protected":false},"excerpt":{"rendered":"<div class=\"mh-excerpt\"><p>Por primera vez en Jerez, se dio a conocer la din\u00e1mica, las acciones y los beneficios que se llevar\u00e1n a cabo en el municipio para <a class=\"mh-excerpt-more\" href=\"https:\/\/raicesjerezanas.com\/?p=23394\" title=\"HABR\u00c1 BUEN FIN EN JEREZ\">&#8230;<\/a><\/p>\n<\/div>","protected":false},"author":1,"featured_media":23395,"comment_status":"closed","ping_status":"closed","sticky":false,"template":"","format":"standard","meta":{"footnotes":""},"categories":[102],"tags":[],"class_list":["post-23394","post","type-post","status-publish","format-standard","has-post-thumbnail","hentry","category-noticias-de-jerez"],"_links":{"self":[{"href":"https:\/\/raicesjerezanas.com\/index.php?rest_route=\/wp\/v2\/posts\/23394","targetHints":{"allow":["GET"]}}],"collection":[{"href":"https:\/\/raicesjerezanas.com\/index.php?rest_route=\/wp\/v2\/posts"}],"about":[{"href":"https:\/\/raicesjerezanas.com\/index.php?rest_route=\/wp\/v2\/types\/post"}],"author":[{"embeddable":true,"href":"https:\/\/raicesjerezanas.com\/index.php?rest_route=\/wp\/v2\/users\/1"}],"replies":[{"embeddable":true,"href":"https:\/\/raicesjerezanas.com\/index.php?rest_route=%2Fwp%2Fv2%2Fcomments&post=23394"}],"version-history":[{"count":0,"href":"https:\/\/raicesjerezanas.com\/index.php?rest_route=\/wp\/v2\/posts\/23394\/revisions"}],"wp:featuredmedia":[{"embeddable":true,"href":"https:\/\/raicesjerezanas.com\/index.php?rest_route=\/wp\/v2\/media\/23395"}],"wp:attachment":[{"href":"https:\/\/raicesjerezanas.com\/index.php?rest_route=%2Fwp%2Fv2%2Fmedia&parent=23394"}],"wp:term":[{"taxonomy":"category","embeddable":true,"href":"https:\/\/raicesjerezanas.com\/index.php?rest_route=%2Fwp%2Fv2%2Fcategories&post=23394"},{"taxonomy":"post_tag","embeddable":true,"href":"https:\/\/raicesjerezanas.com\/index.php?rest_route=%2Fwp%2Fv2%2Ftags&post=23394"}],"curies":[{"name":"wp","href":"https:\/\/api.w.org\/{rel}","templated":true}]}}