{"id":23400,"date":"2023-11-17T23:40:51","date_gmt":"2023-11-18T05:40:51","guid":{"rendered":"https:\/\/enconecte.com\/?p=23400"},"modified":"2023-11-17T23:40:51","modified_gmt":"2023-11-18T05:40:51","slug":"triunfal-despedida-de-pablo-hermoso-de-mendoza-en-jerez-corto-orejas-y-rabo","status":"publish","type":"post","link":"https:\/\/raicesjerezanas.com\/?p=23400","title":{"rendered":"TRIUNFAL DESPEDIDA DE PABLO HERMOSO DE MENDOZA EN JEREZ; CORT\u00d3 OREJAS Y RABO"},"content":{"rendered":"<ul>\n<li>El doctor Salazar le entreg\u00f3 un reconocimiento a su trayectoria y asegur\u00f3 que su legado permanecer\u00e1 vivo<\/li>\n<\/ul>\n<p>El rejoneador espa\u00f1ol Pablo Hermoso de Mendoza se despidi\u00f3 de la Plaza de Toros La Jerezana, por la puerta grande, con la ovaci\u00f3n del p\u00fablico que coreaba su nombre, tras cortar las dos orejas y el rabo a un buen toro de nombre cirujano; adem\u00e1s se llev\u00f3 el reconocimiento de la afici\u00f3n y autoridades, que le entreg\u00f3 el doctor Jos\u00e9 Humberto Salazar Contreras.<\/p>\n<p>En lo que fue su \u00faltima tarde en tierras zacatecanas, Hermoso de Mendoza sali\u00f3 a hombros, acompa\u00f1ado del caballista queretano Tarik Oth\u00f3n, quien cort\u00f3 ambas ap\u00e9ndice a su primer enemigo de nombre Galeno y una m\u00e1s al que cerr\u00f3 plaza llamado Bolillo, mientras que el joven Mario Sandoval no tuvo suerte en su \u00fanica oportunidad, ante un toro complicado y tras mostrarse voluntarioso, salud\u00f3 desde el tercio.<\/p>\n<p>En su segunda aparici\u00f3n, el llamado Mejor Rejoneador del Mundo, nuevamente logr\u00f3 una lucida faena a Ronde\u00f1o, misma que no pudo redondear con el acero y tras la dificultad para meter el rej\u00f3n de muerte y despachar al primer intento de descabello, no pudo incrementar, los premios.<\/p>\n<p><a href=\"https:\/\/enconecte.com\/wp-content\/uploads\/2023\/11\/Imagen-de-WhatsApp-2023-11-17-a-las-21.36.24_126c8077.jpg\"><img loading=\"lazy\" decoding=\"async\" class=\"alignnone size-full wp-image-23401\" src=\"https:\/\/enconecte.com\/wp-content\/uploads\/2023\/11\/Imagen-de-WhatsApp-2023-11-17-a-las-21.36.24_126c8077.jpg\" alt=\"\" width=\"1586\" height=\"1057\" srcset=\"https:\/\/raicesjerezanas.com\/wp-content\/uploads\/2023\/11\/Imagen-de-WhatsApp-2023-11-17-a-las-21.36.24_126c8077.jpg 1586w, https:\/\/raicesjerezanas.com\/wp-content\/uploads\/2023\/11\/Imagen-de-WhatsApp-2023-11-17-a-las-21.36.24_126c8077-300x200.jpg 300w, https:\/\/raicesjerezanas.com\/wp-content\/uploads\/2023\/11\/Imagen-de-WhatsApp-2023-11-17-a-las-21.36.24_126c8077-1024x682.jpg 1024w, https:\/\/raicesjerezanas.com\/wp-content\/uploads\/2023\/11\/Imagen-de-WhatsApp-2023-11-17-a-las-21.36.24_126c8077-768x512.jpg 768w, https:\/\/raicesjerezanas.com\/wp-content\/uploads\/2023\/11\/Imagen-de-WhatsApp-2023-11-17-a-las-21.36.24_126c8077-1536x1024.jpg 1536w\" sizes=\"auto, (max-width: 1586px) 100vw, 1586px\" \/><\/a><\/p>\n<p>Antes de que el clar\u00edn indicara la apertura por vez primera de la puerta de toriles, el alcalde Jos\u00e9 Humberto Salazar Contreras reconoci\u00f3 la trayectoria de Pablo Hermoso de Mendoza, a quien consider\u00f3 como una aut\u00e9ntica figura mundial, un embajador de la fiesta brava y un referente indiscutible en el rejoneo; \u201choy celebramos su carrera, con la certeza de que su legado permanecer\u00e1 por siempre\u201d, dijo el doctor Salazar, quien agradeci\u00f3 el hecho de que Hermoso de Mendoza haya escogido a Jerez, para su despedida en el estado\u00a0de\u00a0Zacatecas.<\/p>\n","protected":false},"excerpt":{"rendered":"<div class=\"mh-excerpt\"><p>El doctor Salazar le entreg\u00f3 un reconocimiento a su trayectoria y asegur\u00f3 que su legado permanecer\u00e1 vivo El rejoneador espa\u00f1ol Pablo Hermoso de Mendoza se <a class=\"mh-excerpt-more\" href=\"https:\/\/raicesjerezanas.com\/?p=23400\" title=\"TRIUNFAL DESPEDIDA DE PABLO HERMOSO DE MENDOZA EN JEREZ; CORT\u00d3 OREJAS Y RABO\">&#8230;<\/a><\/p>\n<\/div>","protected":false},"author":1,"featured_media":23402,"comment_status":"closed","ping_status":"closed","sticky":false,"template":"","format":"standard","meta":{"footnotes":""},"categories":[102],"tags":[],"class_list":["post-23400","post","type-post","status-publish","format-standard","has-post-thumbnail","hentry","category-noticias-de-jerez"],"_links":{"self":[{"href":"https:\/\/raicesjerezanas.com\/index.php?rest_route=\/wp\/v2\/posts\/23400","targetHints":{"allow":["GET"]}}],"collection":[{"href":"https:\/\/raicesjerezanas.com\/index.php?rest_route=\/wp\/v2\/posts"}],"about":[{"href":"https:\/\/raicesjerezanas.com\/index.php?rest_route=\/wp\/v2\/types\/post"}],"author":[{"embeddable":true,"href":"https:\/\/raicesjerezanas.com\/index.php?rest_route=\/wp\/v2\/users\/1"}],"replies":[{"embeddable":true,"href":"https:\/\/raicesjerezanas.com\/index.php?rest_route=%2Fwp%2Fv2%2Fcomments&post=23400"}],"version-history":[{"count":0,"href":"https:\/\/raicesjerezanas.com\/index.php?rest_route=\/wp\/v2\/posts\/23400\/revisions"}],"wp:featuredmedia":[{"embeddable":true,"href":"https:\/\/raicesjerezanas.com\/index.php?rest_route=\/wp\/v2\/media\/23402"}],"wp:attachment":[{"href":"https:\/\/raicesjerezanas.com\/index.php?rest_route=%2Fwp%2Fv2%2Fmedia&parent=23400"}],"wp:term":[{"taxonomy":"category","embeddable":true,"href":"https:\/\/raicesjerezanas.com\/index.php?rest_route=%2Fwp%2Fv2%2Fcategories&post=23400"},{"taxonomy":"post_tag","embeddable":true,"href":"https:\/\/raicesjerezanas.com\/index.php?rest_route=%2Fwp%2Fv2%2Ftags&post=23400"}],"curies":[{"name":"wp","href":"https:\/\/api.w.org\/{rel}","templated":true}]}}