{"id":23403,"date":"2023-11-18T23:41:45","date_gmt":"2023-11-19T05:41:45","guid":{"rendered":"https:\/\/enconecte.com\/?p=23403"},"modified":"2023-11-18T23:41:45","modified_gmt":"2023-11-19T05:41:45","slug":"realizan-pasarela-de-moda-al-estilo-jerezano-en-el-corazon-del-bello-pueblo-magico","status":"publish","type":"post","link":"https:\/\/raicesjerezanas.com\/?p=23403","title":{"rendered":"REALIZAN PASARELA DE MODA AL ESTILO JEREZANO EN EL CORAZ\u00d3N DEL BELLO PUEBLO M\u00c1GICO"},"content":{"rendered":"<p>Para enmarcar las festividades mexicanas dentro del aniversario del 20 de noviembre, entre las calles Aurora y del Santuario, teniendo como fondo el hermoso y emblem\u00e1tico Santuario de Jerez, se llev\u00f3 a cabo la pasarela de V\u00edvelo Artesanal con el tema principal \u00abElogio a Fuensanta\u00bb, presentando la colecci\u00f3n \u00abCoraz\u00f3n de Talavera\u00bb del dise\u00f1ador Eduardo Tovar. Este evento conjug\u00f3 moda, artesan\u00eda, folclore, poes\u00eda, m\u00fasica y tradiciones en un solo sitio, realzado por la magn\u00edfica arquitectura de Jerez, creando as\u00ed una mezcla \u00fanica y asombrosa que se vivi\u00f3 en este bello pueblo m\u00e1gico. La organizaci\u00f3n estuvo a cargo del gobierno municipal 2021-2024 en colaboraci\u00f3n con el departamento de Turismo Municipal y en trabajo coordinado con V\u00edvelo Artesanal.<\/p>\n<p>El evento se inaugur\u00f3 con la recitaci\u00f3n de la poes\u00eda Velardeana \u00abElogio a Fuensanta\u00bb, interpretada por Melisa Sald\u00edvar. La bienvenida fue realizada por el Licenciado Francisco Serrano Mirada, jefe del departamento de Turismo Municipal, quien explic\u00f3 que el proyecto V\u00edvelo Artesanal es una iniciativa conjunta con la Secretar\u00eda de Turismo de Zacatecas. Este proyecto tiene como objetivo promocionar los pueblos m\u00e1gicos del estado junto con sus artesan\u00edas, en este caso, las de Jerez.<\/p>\n<p><a href=\"https:\/\/enconecte.com\/wp-content\/uploads\/2023\/11\/Imagen-de-WhatsApp-2023-11-18-a-las-11.21.36_75d83584.jpg\"><img loading=\"lazy\" decoding=\"async\" class=\"alignnone size-full wp-image-23404\" src=\"https:\/\/enconecte.com\/wp-content\/uploads\/2023\/11\/Imagen-de-WhatsApp-2023-11-18-a-las-11.21.36_75d83584.jpg\" alt=\"\" width=\"1200\" height=\"800\" srcset=\"https:\/\/raicesjerezanas.com\/wp-content\/uploads\/2023\/11\/Imagen-de-WhatsApp-2023-11-18-a-las-11.21.36_75d83584.jpg 1200w, https:\/\/raicesjerezanas.com\/wp-content\/uploads\/2023\/11\/Imagen-de-WhatsApp-2023-11-18-a-las-11.21.36_75d83584-300x200.jpg 300w, https:\/\/raicesjerezanas.com\/wp-content\/uploads\/2023\/11\/Imagen-de-WhatsApp-2023-11-18-a-las-11.21.36_75d83584-1024x683.jpg 1024w, https:\/\/raicesjerezanas.com\/wp-content\/uploads\/2023\/11\/Imagen-de-WhatsApp-2023-11-18-a-las-11.21.36_75d83584-768x512.jpg 768w\" sizes=\"auto, (max-width: 1200px) 100vw, 1200px\" \/><\/a><\/p>\n<p>El son del tamborazo jerezano marc\u00f3 varios momentos de esta pasarela, al igual que las interpretaciones musicales a cargo de la embajadora de belleza Jerezana, Melissa Sald\u00edvar. Entre ellas, &#8216;Pueblo M\u00e1gico Divino&#8217;. M\u00e1s de 28 modelos lucieron artesan\u00edas y joyer\u00eda jerezana en dos fases, con el patrocinio especial de Joyer\u00eda Aketzaly, Boutique Mar\u00eda Bonita, Tipiquisimo y Bolsas Do\u00f1a Petra.<\/p>\n<p>La presentaci\u00f3n fue amenizada por la academia de ballet Jackie Ultreras, que ha sido una parte importante de la cultura mexicana durante a\u00f1os, inspirando piezas artesanales y prendas de vestir. Tambi\u00e9n se sum\u00f3 la participaci\u00f3n de charros y escaramuzas a caballo. Durante el evento, se reconoci\u00f3 la labor de patrocinadores, colaboradores, Memo Vargas (promotor de moda) y el dise\u00f1ador Eduardo Tovar, junto al director de Turismo, Licenciado Jossafat de la Torre, el director de Desarrollo Econ\u00f3mico y la Coordinadora de Educaci\u00f3n, Mtra. Mar\u00eda\u00a0Esther\u00a0Ibarra.<\/p>\n","protected":false},"excerpt":{"rendered":"<div class=\"mh-excerpt\"><p>Para enmarcar las festividades mexicanas dentro del aniversario del 20 de noviembre, entre las calles Aurora y del Santuario, teniendo como fondo el hermoso y <a class=\"mh-excerpt-more\" href=\"https:\/\/raicesjerezanas.com\/?p=23403\" title=\"REALIZAN PASARELA DE MODA AL ESTILO JEREZANO EN EL CORAZ\u00d3N DEL BELLO PUEBLO M\u00c1GICO\">&#8230;<\/a><\/p>\n<\/div>","protected":false},"author":1,"featured_media":23405,"comment_status":"closed","ping_status":"closed","sticky":false,"template":"","format":"standard","meta":{"footnotes":""},"categories":[102],"tags":[],"class_list":["post-23403","post","type-post","status-publish","format-standard","has-post-thumbnail","hentry","category-noticias-de-jerez"],"_links":{"self":[{"href":"https:\/\/raicesjerezanas.com\/index.php?rest_route=\/wp\/v2\/posts\/23403","targetHints":{"allow":["GET"]}}],"collection":[{"href":"https:\/\/raicesjerezanas.com\/index.php?rest_route=\/wp\/v2\/posts"}],"about":[{"href":"https:\/\/raicesjerezanas.com\/index.php?rest_route=\/wp\/v2\/types\/post"}],"author":[{"embeddable":true,"href":"https:\/\/raicesjerezanas.com\/index.php?rest_route=\/wp\/v2\/users\/1"}],"replies":[{"embeddable":true,"href":"https:\/\/raicesjerezanas.com\/index.php?rest_route=%2Fwp%2Fv2%2Fcomments&post=23403"}],"version-history":[{"count":0,"href":"https:\/\/raicesjerezanas.com\/index.php?rest_route=\/wp\/v2\/posts\/23403\/revisions"}],"wp:featuredmedia":[{"embeddable":true,"href":"https:\/\/raicesjerezanas.com\/index.php?rest_route=\/wp\/v2\/media\/23405"}],"wp:attachment":[{"href":"https:\/\/raicesjerezanas.com\/index.php?rest_route=%2Fwp%2Fv2%2Fmedia&parent=23403"}],"wp:term":[{"taxonomy":"category","embeddable":true,"href":"https:\/\/raicesjerezanas.com\/index.php?rest_route=%2Fwp%2Fv2%2Fcategories&post=23403"},{"taxonomy":"post_tag","embeddable":true,"href":"https:\/\/raicesjerezanas.com\/index.php?rest_route=%2Fwp%2Fv2%2Ftags&post=23403"}],"curies":[{"name":"wp","href":"https:\/\/api.w.org\/{rel}","templated":true}]}}