{"id":23409,"date":"2023-11-20T23:43:28","date_gmt":"2023-11-21T05:43:28","guid":{"rendered":"https:\/\/enconecte.com\/?p=23409"},"modified":"2023-11-20T23:43:28","modified_gmt":"2023-11-21T05:43:28","slug":"con-el-izamiento-de-bandera-inicia-la-conemoracion-del-113-aniversario-de-la-revolucion-mexicana","status":"publish","type":"post","link":"https:\/\/raicesjerezanas.com\/?p=23409","title":{"rendered":"CON EL IZAMIENTO DE BANDERA INICIA LA CONEMORACI\u00d3N DEL 113 ANIVERSARIO DE LA REVOLUCI\u00d3N MEXICANA"},"content":{"rendered":"<p>Iniciaron las actividades conmemorativas por el 113 aniversario del inicio de la Revoluci\u00f3n Mexicana, con el protocolo de izamiento del L\u00e1baro Patrio en el monumento a la bandera ubicado en el acceso principal de la ciudad y el asta monumental que se localiza en la Plaza Tacuba.<\/p>\n<p>El doctor Jos\u00e9 Humberto Salazar Contreras, encabez\u00f3 ambas ceremonias, junto con regidores, directores de \u00e1rea y jefes de departamento, as\u00ed como por autoridades educativas de la regi\u00f3n 8 federalizada y trabajadores del gobierno municipal pertenecientes al Sindicato \u00fanico de Trabajadores al Servicio del Estado, Municipios y Organismos Paraestatatales (SUTSEMOP).<\/p>\n<p>En el evento estuvieron presentes la presidenta honor\u00edfica del DF Bertha Alicia Garc\u00eda Duarte, el secretario de Gobierno Municipal H\u00e9ctor Hugo Ram\u00edrez Escobedo, los directores de Seguridad P\u00fablica Municipal Jos\u00e9 Alberto P\u00e9rez Rivera, de Desarrollo Econ\u00f3mico y Social David Josafat de la Torre Pinedo y del SIMAPAJ Marco Antonio Valenzuela Esquivel, as\u00ed como el regidor Enrique Saucedo Moreno y por parte de las autoridades educativas, la directora de Servicios Regionales de Educaci\u00f3n 8 federal Blanca Lilia Rodr\u00edguez Barrag\u00e1n y estatal Mart\u00edn Jaime Espitia.<\/p>\n<p><a href=\"https:\/\/enconecte.com\/wp-content\/uploads\/2023\/11\/Imagen-de-WhatsApp-2023-11-20-a-las-07.14.45_70f18d91.jpg\"><img loading=\"lazy\" decoding=\"async\" class=\"alignnone size-full wp-image-23411\" src=\"https:\/\/enconecte.com\/wp-content\/uploads\/2023\/11\/Imagen-de-WhatsApp-2023-11-20-a-las-07.14.45_70f18d91.jpg\" alt=\"\" width=\"1599\" height=\"1066\" srcset=\"https:\/\/raicesjerezanas.com\/wp-content\/uploads\/2023\/11\/Imagen-de-WhatsApp-2023-11-20-a-las-07.14.45_70f18d91.jpg 1599w, https:\/\/raicesjerezanas.com\/wp-content\/uploads\/2023\/11\/Imagen-de-WhatsApp-2023-11-20-a-las-07.14.45_70f18d91-300x200.jpg 300w, https:\/\/raicesjerezanas.com\/wp-content\/uploads\/2023\/11\/Imagen-de-WhatsApp-2023-11-20-a-las-07.14.45_70f18d91-1024x683.jpg 1024w, https:\/\/raicesjerezanas.com\/wp-content\/uploads\/2023\/11\/Imagen-de-WhatsApp-2023-11-20-a-las-07.14.45_70f18d91-768x512.jpg 768w, https:\/\/raicesjerezanas.com\/wp-content\/uploads\/2023\/11\/Imagen-de-WhatsApp-2023-11-20-a-las-07.14.45_70f18d91-1536x1024.jpg 1536w\" sizes=\"auto, (max-width: 1599px) 100vw, 1599px\" \/><\/a><\/p>\n<p>Las actividades de este d\u00eda contin\u00faan con el homenaje al Gobernante Modelo Francisco Garc\u00eda Salinas en La Labor, la Alameda y La Glorieta que lleva su nombre, al conmemorarse el 237 aniversario de su natalicio; posteriormente se desarrollar\u00e1 el desfile c\u00edvico deportivo con el recorrido\u00a0habitual.<\/p>\n","protected":false},"excerpt":{"rendered":"<div class=\"mh-excerpt\"><p>Iniciaron las actividades conmemorativas por el 113 aniversario del inicio de la Revoluci\u00f3n Mexicana, con el protocolo de izamiento del L\u00e1baro Patrio en el monumento <a class=\"mh-excerpt-more\" href=\"https:\/\/raicesjerezanas.com\/?p=23409\" title=\"CON EL IZAMIENTO DE BANDERA INICIA LA CONEMORACI\u00d3N DEL 113 ANIVERSARIO DE LA REVOLUCI\u00d3N MEXICANA\">&#8230;<\/a><\/p>\n<\/div>","protected":false},"author":1,"featured_media":23410,"comment_status":"closed","ping_status":"closed","sticky":false,"template":"","format":"standard","meta":{"footnotes":""},"categories":[102],"tags":[],"class_list":["post-23409","post","type-post","status-publish","format-standard","has-post-thumbnail","hentry","category-noticias-de-jerez"],"_links":{"self":[{"href":"https:\/\/raicesjerezanas.com\/index.php?rest_route=\/wp\/v2\/posts\/23409","targetHints":{"allow":["GET"]}}],"collection":[{"href":"https:\/\/raicesjerezanas.com\/index.php?rest_route=\/wp\/v2\/posts"}],"about":[{"href":"https:\/\/raicesjerezanas.com\/index.php?rest_route=\/wp\/v2\/types\/post"}],"author":[{"embeddable":true,"href":"https:\/\/raicesjerezanas.com\/index.php?rest_route=\/wp\/v2\/users\/1"}],"replies":[{"embeddable":true,"href":"https:\/\/raicesjerezanas.com\/index.php?rest_route=%2Fwp%2Fv2%2Fcomments&post=23409"}],"version-history":[{"count":0,"href":"https:\/\/raicesjerezanas.com\/index.php?rest_route=\/wp\/v2\/posts\/23409\/revisions"}],"wp:featuredmedia":[{"embeddable":true,"href":"https:\/\/raicesjerezanas.com\/index.php?rest_route=\/wp\/v2\/media\/23410"}],"wp:attachment":[{"href":"https:\/\/raicesjerezanas.com\/index.php?rest_route=%2Fwp%2Fv2%2Fmedia&parent=23409"}],"wp:term":[{"taxonomy":"category","embeddable":true,"href":"https:\/\/raicesjerezanas.com\/index.php?rest_route=%2Fwp%2Fv2%2Fcategories&post=23409"},{"taxonomy":"post_tag","embeddable":true,"href":"https:\/\/raicesjerezanas.com\/index.php?rest_route=%2Fwp%2Fv2%2Ftags&post=23409"}],"curies":[{"name":"wp","href":"https:\/\/api.w.org\/{rel}","templated":true}]}}