{"id":23412,"date":"2023-11-20T23:44:19","date_gmt":"2023-11-21T05:44:19","guid":{"rendered":"https:\/\/enconecte.com\/?p=23412"},"modified":"2023-11-20T23:44:19","modified_gmt":"2023-11-21T05:44:19","slug":"vistoso-desfile-para-conmemorar-el-aniversario-de-la-revolucion","status":"publish","type":"post","link":"https:\/\/raicesjerezanas.com\/?p=23412","title":{"rendered":"VISTOSO DESFILE PARA CONMEMORAR EL ANIVERSARIO DE LA REVOLUCI\u00d3N"},"content":{"rendered":"<ul>\n<li>La alegr\u00eda multicolor volvi\u00f3 a las calles de Jerez, donde miles de personas apreciaron el paso del contingente<\/li>\n<\/ul>\n<p>Una festividad llena de alegr\u00eda, color y tradici\u00f3n se vivi\u00f3 este 20 de noviembre por las calles de Jerez con el retorno del tradicional desfile c\u00edvico-deportivo para conmemorar el 113 aniversario del inicio de la Revoluci\u00f3n Mexicana. El alcalde Jos\u00e9 Humberto Salazar Contreras y su esposa, la presidenta honor\u00edfica del sistema municipal DIF, Berta Alicia Garc\u00eda Duarte, encabezaron el contingente que recorri\u00f3 las principales calles del centro de la ciudad, partiendo puntualmente desde la glorieta Garc\u00eda Salinas y concluyendo al final de la calle San Luis.<\/p>\n<p>Miles de personas se agolparon en las arterias que conformaron el recorrido: la calle del Hospicio, Plaza Principal, Bizarra Capital, Reposo, L\u00f3pez Velarde y San Luis, donde la poblaci\u00f3n apreci\u00f3 el excelente trabajo de los planteles educativos, corporaciones policiacas, escuelas de artes marciales y zumba, cabalgantes y dem\u00e1s participantes en el evento conmemorativo.<\/p>\n<p>Como es costumbre, las instituciones de primaria, secundaria, bachillerato y escuelas superiores mostraron lo mejor de s\u00ed, tanto en los vistosos atuendos como en las coreograf\u00edas preparadas de sus respectivos contingentes: bastoneras, porristas, grupos de danza folcl\u00f3rica y otros, adem\u00e1s de carros aleg\u00f3ricos.<\/p>\n<p>Al inicio del desfile, motociclistas de la Delegaci\u00f3n de Vialidad y la Direcci\u00f3n de Seguridad P\u00fablica abrieron paso al recorrido, encabezado por la estructura del gobierno municipal, regidores, directores, subdirectores y jefes de \u00e1rea, as\u00ed como personal de la direcci\u00f3n de servicios regionales de educaci\u00f3n estatal y federalizada.<\/p>\n<p><a href=\"https:\/\/enconecte.com\/wp-content\/uploads\/2023\/11\/Imagen-de-WhatsApp-2023-11-20-a-las-19.58.38_5c90517b.jpg\"><img loading=\"lazy\" decoding=\"async\" class=\"alignnone size-full wp-image-23414\" src=\"https:\/\/enconecte.com\/wp-content\/uploads\/2023\/11\/Imagen-de-WhatsApp-2023-11-20-a-las-19.58.38_5c90517b.jpg\" alt=\"\" width=\"1200\" height=\"800\" srcset=\"https:\/\/raicesjerezanas.com\/wp-content\/uploads\/2023\/11\/Imagen-de-WhatsApp-2023-11-20-a-las-19.58.38_5c90517b.jpg 1200w, https:\/\/raicesjerezanas.com\/wp-content\/uploads\/2023\/11\/Imagen-de-WhatsApp-2023-11-20-a-las-19.58.38_5c90517b-300x200.jpg 300w, https:\/\/raicesjerezanas.com\/wp-content\/uploads\/2023\/11\/Imagen-de-WhatsApp-2023-11-20-a-las-19.58.38_5c90517b-1024x683.jpg 1024w, https:\/\/raicesjerezanas.com\/wp-content\/uploads\/2023\/11\/Imagen-de-WhatsApp-2023-11-20-a-las-19.58.38_5c90517b-768x512.jpg 768w\" sizes=\"auto, (max-width: 1200px) 100vw, 1200px\" \/><\/a><\/p>\n<p>Luego desfilaron las escuelas primarias, seguidas por las secundarias, preparatorias y universidades, las cuales, con estilos muy nacionalistas, presentaron vistosas coreograf\u00edas y representaciones visuales en las que mostraron la esencia del ser mexicano. Se apreci\u00f3 la representaci\u00f3n del pueblo m\u00e1gico de Jerez, la charrer\u00eda, danza folcl\u00f3rica, cultura prehisp\u00e1nica, estampas revolucionarias, diversidad cultural y motivos tricolores, que marcaron la l\u00ednea tem\u00e1tica de este desfile, acompa\u00f1ado por m\u00fasica mexicana de corte revolucionario o contempor\u00e1nea.<\/p>\n<p>Al concluir el recorrido, las autoridades presenciaron el desfile cerca del Puente del R\u00edo Grande, donde se instal\u00f3 el palco especialmente para\u00a0este\u00a0evento.<\/p>\n","protected":false},"excerpt":{"rendered":"<div class=\"mh-excerpt\"><p>La alegr\u00eda multicolor volvi\u00f3 a las calles de Jerez, donde miles de personas apreciaron el paso del contingente Una festividad llena de alegr\u00eda, color y <a class=\"mh-excerpt-more\" href=\"https:\/\/raicesjerezanas.com\/?p=23412\" title=\"VISTOSO DESFILE PARA CONMEMORAR EL ANIVERSARIO DE LA REVOLUCI\u00d3N\">&#8230;<\/a><\/p>\n<\/div>","protected":false},"author":1,"featured_media":23413,"comment_status":"closed","ping_status":"closed","sticky":false,"template":"","format":"standard","meta":{"footnotes":""},"categories":[102],"tags":[],"class_list":["post-23412","post","type-post","status-publish","format-standard","has-post-thumbnail","hentry","category-noticias-de-jerez"],"_links":{"self":[{"href":"https:\/\/raicesjerezanas.com\/index.php?rest_route=\/wp\/v2\/posts\/23412","targetHints":{"allow":["GET"]}}],"collection":[{"href":"https:\/\/raicesjerezanas.com\/index.php?rest_route=\/wp\/v2\/posts"}],"about":[{"href":"https:\/\/raicesjerezanas.com\/index.php?rest_route=\/wp\/v2\/types\/post"}],"author":[{"embeddable":true,"href":"https:\/\/raicesjerezanas.com\/index.php?rest_route=\/wp\/v2\/users\/1"}],"replies":[{"embeddable":true,"href":"https:\/\/raicesjerezanas.com\/index.php?rest_route=%2Fwp%2Fv2%2Fcomments&post=23412"}],"version-history":[{"count":0,"href":"https:\/\/raicesjerezanas.com\/index.php?rest_route=\/wp\/v2\/posts\/23412\/revisions"}],"wp:featuredmedia":[{"embeddable":true,"href":"https:\/\/raicesjerezanas.com\/index.php?rest_route=\/wp\/v2\/media\/23413"}],"wp:attachment":[{"href":"https:\/\/raicesjerezanas.com\/index.php?rest_route=%2Fwp%2Fv2%2Fmedia&parent=23412"}],"wp:term":[{"taxonomy":"category","embeddable":true,"href":"https:\/\/raicesjerezanas.com\/index.php?rest_route=%2Fwp%2Fv2%2Fcategories&post=23412"},{"taxonomy":"post_tag","embeddable":true,"href":"https:\/\/raicesjerezanas.com\/index.php?rest_route=%2Fwp%2Fv2%2Ftags&post=23412"}],"curies":[{"name":"wp","href":"https:\/\/api.w.org\/{rel}","templated":true}]}}