{"id":23429,"date":"2023-11-26T23:51:27","date_gmt":"2023-11-27T05:51:27","guid":{"rendered":"https:\/\/enconecte.com\/?p=23429"},"modified":"2023-11-26T23:51:27","modified_gmt":"2023-11-27T05:51:27","slug":"realizan-en-jerez-torneo-relampago-juntas-somos-imparables","status":"publish","type":"post","link":"https:\/\/raicesjerezanas.com\/?p=23429","title":{"rendered":"REALIZAN EN JEREZ TORNEO REL\u00c1MPAGO \u201cJUNTAS SOMOS IMPARABLES\u201d"},"content":{"rendered":"<p><strong>PARA CONMEMORAN EL D\u00cdA INTERNACIONAL CONTRA LA VIOLENCIA A LA MUJER<\/strong><\/p>\n<p>Como parte de las actividades para conmemorar el D\u00eda Internacional por la Eliminaci\u00f3n de la Violencia Contra la Mujer, fue realizado torneo rel\u00e1mpago \u201cJuntas somos imparables\u201d, juego de estrellas femenil organizado por el gobierno municipal 2021-2024, a trav\u00e9s del \u00e1rea de Prevenci\u00f3n del Delito, perteneciente la Direcci\u00f3n Seguridad P\u00fablica Municipal, el cual busca, por medio del deporte, crear v\u00ednculos sociales para la disminuci\u00f3n de la violencia en contra de las mujeres y fomentar que la pr\u00e1ctica deportiva sea un espacio seguro y libre para las mujeres.<\/p>\n<p>Los equipos participantes fueron: Elite, Tortiller\u00eda Paty, Mayes, Deportivo Caldera, Amazonas, Puri Plus y Panteras. Al inaugurar la competencia, la Mtra. Ana Cecilia Baltazar Mu\u00f1oz, encargada de Prevenci\u00f3n del Delito y organizadora del evento, manifest\u00f3 que la violencia hac\u00eda la mujer es una triste realidad y por ello es fundamental tomar conciencia de ello y para conmemorar este d\u00eda, fue organizado este torneo \u201cJuntas somos imparables\u201d.<\/p>\n<p>Ah\u00ed mismo, Ad\u00e1n Lim\u00f3n Calder\u00f3n, subdirector de Seguridad P\u00fablica Municipal, dijo que m\u00e1s que f\u00fatbol, es un mensaje de unidad y de rechazo a la violencia, as\u00ed cada jugadora en la cancha representa valent\u00eda y alegr\u00eda. Tambi\u00e9n estuvo presente el Profesor Vidal Poblano Aguilar, subcoordinador del Deporte.<\/p>\n<p><a href=\"https:\/\/raicesjerezanas.com\/wp-content\/uploads\/2023\/11\/Imagen-de-WhatsApp-2023-11-26-a-las-15.26.37_649b5986.jpg\"><img loading=\"lazy\" decoding=\"async\" class=\"alignnone size-full wp-image-23431\" src=\"https:\/\/raicesjerezanas.com\/wp-content\/uploads\/2023\/11\/Imagen-de-WhatsApp-2023-11-26-a-las-15.26.37_649b5986.jpg\" alt=\"\" width=\"1599\" height=\"1066\" srcset=\"https:\/\/raicesjerezanas.com\/wp-content\/uploads\/2023\/11\/Imagen-de-WhatsApp-2023-11-26-a-las-15.26.37_649b5986.jpg 1599w, https:\/\/raicesjerezanas.com\/wp-content\/uploads\/2023\/11\/Imagen-de-WhatsApp-2023-11-26-a-las-15.26.37_649b5986-300x200.jpg 300w, https:\/\/raicesjerezanas.com\/wp-content\/uploads\/2023\/11\/Imagen-de-WhatsApp-2023-11-26-a-las-15.26.37_649b5986-1024x683.jpg 1024w, https:\/\/raicesjerezanas.com\/wp-content\/uploads\/2023\/11\/Imagen-de-WhatsApp-2023-11-26-a-las-15.26.37_649b5986-768x512.jpg 768w, https:\/\/raicesjerezanas.com\/wp-content\/uploads\/2023\/11\/Imagen-de-WhatsApp-2023-11-26-a-las-15.26.37_649b5986-1536x1024.jpg 1536w\" sizes=\"auto, (max-width: 1599px) 100vw, 1599px\" \/><\/a><\/p>\n<p><strong>Las premiaciones quedaron de la siguiente manera:<\/strong><\/p>\n<p>1\u00b0 lugar: Mayes.<br \/>\n2\u00b0 lugar: Amazonas.<br \/>\n3\u00b0 lugar: Elite.<br \/>\n4 \u00b0 lugar: Panteras.<\/p>\n<p>A quienes se les apoy\u00f3 con medallas, reconocimientos\u00a0y\u00a0balones.<\/p>\n","protected":false},"excerpt":{"rendered":"<div class=\"mh-excerpt\"><p>PARA CONMEMORAN EL D\u00cdA INTERNACIONAL CONTRA LA VIOLENCIA A LA MUJER Como parte de las actividades para conmemorar el D\u00eda Internacional por la Eliminaci\u00f3n de <a class=\"mh-excerpt-more\" href=\"https:\/\/raicesjerezanas.com\/?p=23429\" title=\"REALIZAN EN JEREZ TORNEO REL\u00c1MPAGO \u201cJUNTAS SOMOS IMPARABLES\u201d\">&#8230;<\/a><\/p>\n<\/div>","protected":false},"author":1,"featured_media":23430,"comment_status":"closed","ping_status":"closed","sticky":false,"template":"","format":"standard","meta":{"footnotes":""},"categories":[102],"tags":[],"class_list":["post-23429","post","type-post","status-publish","format-standard","has-post-thumbnail","hentry","category-noticias-de-jerez"],"_links":{"self":[{"href":"https:\/\/raicesjerezanas.com\/index.php?rest_route=\/wp\/v2\/posts\/23429","targetHints":{"allow":["GET"]}}],"collection":[{"href":"https:\/\/raicesjerezanas.com\/index.php?rest_route=\/wp\/v2\/posts"}],"about":[{"href":"https:\/\/raicesjerezanas.com\/index.php?rest_route=\/wp\/v2\/types\/post"}],"author":[{"embeddable":true,"href":"https:\/\/raicesjerezanas.com\/index.php?rest_route=\/wp\/v2\/users\/1"}],"replies":[{"embeddable":true,"href":"https:\/\/raicesjerezanas.com\/index.php?rest_route=%2Fwp%2Fv2%2Fcomments&post=23429"}],"version-history":[{"count":0,"href":"https:\/\/raicesjerezanas.com\/index.php?rest_route=\/wp\/v2\/posts\/23429\/revisions"}],"wp:featuredmedia":[{"embeddable":true,"href":"https:\/\/raicesjerezanas.com\/index.php?rest_route=\/wp\/v2\/media\/23430"}],"wp:attachment":[{"href":"https:\/\/raicesjerezanas.com\/index.php?rest_route=%2Fwp%2Fv2%2Fmedia&parent=23429"}],"wp:term":[{"taxonomy":"category","embeddable":true,"href":"https:\/\/raicesjerezanas.com\/index.php?rest_route=%2Fwp%2Fv2%2Fcategories&post=23429"},{"taxonomy":"post_tag","embeddable":true,"href":"https:\/\/raicesjerezanas.com\/index.php?rest_route=%2Fwp%2Fv2%2Ftags&post=23429"}],"curies":[{"name":"wp","href":"https:\/\/api.w.org\/{rel}","templated":true}]}}